{"id":9562,"date":"2018-06-25T14:12:15","date_gmt":"2018-06-25T17:12:15","guid":{"rendered":"https:\/\/wp.ufpel.edu.br\/prec\/?p=9562"},"modified":"2018-06-25T14:12:15","modified_gmt":"2018-06-25T17:12:15","slug":"universidade-aberta-a-terceira-idade-convida-para-oficina-3","status":"publish","type":"post","link":"https:\/\/wp.ufpel.edu.br\/prec\/2018\/06\/25\/universidade-aberta-a-terceira-idade-convida-para-oficina-3\/","title":{"rendered":"Universidade Aberta \u00e0 Terceira Idade convida para oficina"},"content":{"rendered":"<p>A Universidade Aberta \u00e0 Terceira Idade \u2013 UNATI, da Pr\u00f3-Reitoria de Extens\u00e3o e Cultura da UFPel, convida para a oficina\u00a0<strong>Varal de poesias<\/strong>. O evento \u00e9 gratuito e destinado a pessoas com 60 anos ou mais.<\/p>\n<p><strong>Data:\u00a0<\/strong>28 de junho, \u00e0s 14h<br \/>\n<strong>Local:\u00a0<\/strong>Audit\u00f3rio do Museu do Doce (Pra\u00e7a Coronel Pedro Os\u00f3rio, 8)<br \/>\n<strong>Ministrante:\u00a0<\/strong>Lorena Gill<\/p>\n<p><a href=\"https:\/\/l.facebook.com\/l.php?u=https%3A%2F%2Fdocs.google.com%2Fforms%2Fd%2F194ksKtVABXRqkxHVTS7VsQkHgTQJ5aJAB2TebV4cQZk%2Fedit&amp;h=AT3riifor6vpojYTKWIjhGr3nN-Yjt48h5pCYmgRKiFsCIcREC49SpAIpZMlB-uKWrzWOErav3K6L7gjKkdys7mtNUTrAtqOMK1PZL8iMu75AthA0s6FgtX3yO7-xJ-pHD1r_hCZAvsEDuM4IAEme2G22PV-FeI-iZabBkA\">Acesse o formul\u00e1rio de inscri\u00e7\u00f5es.<\/a><\/p>\n","protected":false},"excerpt":{"rendered":"<p>A Universidade Aberta \u00e0 Terceira Idade \u2013 UNATI, da Pr\u00f3-Reitoria de Extens\u00e3o e Cultura da UFPel, convida para a oficina\u00a0Varal de poesias. O evento \u00e9 gratuito e destinado a pessoas com 60 anos ou mais. Data:\u00a028 de junho, \u00e0s 14h Local:\u00a0Audit\u00f3rio do Museu do Doce (Pra\u00e7a Coronel Pedro Os\u00f3rio, 8) Ministrante:\u00a0Lorena Gill Acesse o formul\u00e1rio [&hellip;]<\/p>\n","protected":false},"author":34,"featured_media":0,"comment_status":"closed","ping_status":"closed","sticky":false,"template":"","format":"standard","meta":{"_jetpack_newsletter_access":"","_jetpack_dont_email_post_to_subs":false,"_jetpack_newsletter_tier_id":0,"_jetpack_memberships_contains_paywalled_content":false,"_jetpack_memberships_contains_paid_content":false,"footnotes":""},"categories":[4],"tags":[],"class_list":["post-9562","post","type-post","status-publish","format-standard","hentry","category-noticias"],"jetpack_featured_media_url":"","jetpack_sharing_enabled":true,"jetpack_shortlink":"https:\/\/wp.me\/p70d9s-2ue","_links":{"self":[{"href":"https:\/\/wp.ufpel.edu.br\/prec\/wp-json\/wp\/v2\/posts\/9562","targetHints":{"allow":["GET"]}}],"collection":[{"href":"https:\/\/wp.ufpel.edu.br\/prec\/wp-json\/wp\/v2\/posts"}],"about":[{"href":"https:\/\/wp.ufpel.edu.br\/prec\/wp-json\/wp\/v2\/types\/post"}],"author":[{"embeddable":true,"href":"https:\/\/wp.ufpel.edu.br\/prec\/wp-json\/wp\/v2\/users\/34"}],"replies":[{"embeddable":true,"href":"https:\/\/wp.ufpel.edu.br\/prec\/wp-json\/wp\/v2\/comments?post=9562"}],"version-history":[{"count":1,"href":"https:\/\/wp.ufpel.edu.br\/prec\/wp-json\/wp\/v2\/posts\/9562\/revisions"}],"predecessor-version":[{"id":9564,"href":"https:\/\/wp.ufpel.edu.br\/prec\/wp-json\/wp\/v2\/posts\/9562\/revisions\/9564"}],"wp:attachment":[{"href":"https:\/\/wp.ufpel.edu.br\/prec\/wp-json\/wp\/v2\/media?parent=9562"}],"wp:term":[{"taxonomy":"category","embeddable":true,"href":"https:\/\/wp.ufpel.edu.br\/prec\/wp-json\/wp\/v2\/categories?post=9562"},{"taxonomy":"post_tag","embeddable":true,"href":"https:\/\/wp.ufpel.edu.br\/prec\/wp-json\/wp\/v2\/tags?post=9562"}],"curies":[{"name":"wp","href":"https:\/\/api.w.org\/{rel}","templated":true}]}}