{"id":9141,"date":"2018-04-16T15:28:55","date_gmt":"2018-04-16T18:28:55","guid":{"rendered":"https:\/\/wp.ufpel.edu.br\/prec\/?p=9141"},"modified":"2018-05-02T10:37:41","modified_gmt":"2018-05-02T13:37:41","slug":"abertas-as-inscricoes-para-comunicacoes-no-seminario-da-semana-dos-museus-da-ufpel","status":"publish","type":"post","link":"https:\/\/wp.ufpel.edu.br\/prec\/2018\/04\/16\/abertas-as-inscricoes-para-comunicacoes-no-seminario-da-semana-dos-museus-da-ufpel\/","title":{"rendered":"Abertas as inscri\u00e7\u00f5es para comunica\u00e7\u00f5es no Semin\u00e1rio\u00a0da Semana dos Museus da UFPel"},"content":{"rendered":"<p>Est\u00e3o abertas, do dia 16 de abril a 1\u00ba\u00a0de maio de 2018, as inscri\u00e7\u00f5es para comunica\u00e7\u00f5es no Semin\u00e1rio\u00a0<strong>Semana dos Museus da UFPel<\/strong>,\u00a0evento participante da\u00a0<strong>16\u00aa Semana Nacional de Museus &#8211; Museus Hiperconectados: novas abordagens, novos p\u00fablicos<\/strong>, promovido pela Rede de Museus da Pr\u00f3-Reitoria de Extens\u00e3o e Cultura. O evento ocorre nos dias 16 e 17 de maio de 2018, no\u00a0Museu do Doce (Pra\u00e7a Cel. Pedro Os\u00f3rio, 8 \u2013 Centro, Pelotas). Os Anais do Evento ser\u00e3o publicados no ano de 2018. Em\u00a0breve ser\u00e1 divulgado a programa\u00e7\u00e3o e atividades da Semana dos Museus da UFPel.<\/p>\n<p><a href=\"https:\/\/wp.ufpel.edu.br\/prec\/files\/2018\/05\/Edital-comunicacoes-2018-2.pdf\">Acesse o edital da Semana dos Museus<\/a><\/p>\n<p><a href=\"https:\/\/wp.ufpel.edu.br\/prec\/files\/2018\/04\/Formulario-de-inscricao-2.docx\">Fa\u00e7a o download do anexo I, referente \u00e0 ficha de inscri\u00e7\u00e3o para comunica\u00e7\u00f5es<\/a><\/p>\n<p><a href=\"https:\/\/wp.ufpel.edu.br\/prec\/files\/2018\/04\/Template-Semana-dos-Museus-2018-2.docx\">Fa\u00e7a o download do anexo II, referente ao Template<\/a><\/p>\n<p><!--more--><\/p>\n<p><strong>Cronograma<\/strong><br \/>\nInscri\u00e7\u00e3o da proposta: 16 de abril a 1\u00ba\u00a0de maio de 2018 pelo e-mail:\u00a0<a href=\"mailto:semanadosmuseusufpel@gmail.com\" target=\"_blank\" rel=\"noopener\">semanadosmuseusufpel@gmail.com<\/a><br \/>\nSele\u00e7\u00e3o das propostas: at\u00e9 08 de maio 2018.<br \/>\nData da divulga\u00e7\u00e3o das propostas at\u00e9 10 de maio de 2018.<br \/>\nData do Semin\u00e1rio: 16 e 17 de maio de 2018.<br \/>\nLocal das comunica\u00e7\u00f5es: Museu do Doce (Pra\u00e7a Cel. Pedro Os\u00f3rio, 8 \u2013 Centro, Pelotas).<\/p>\n","protected":false},"excerpt":{"rendered":"<p>Est\u00e3o abertas, do dia 16 de abril a 1\u00ba\u00a0de maio de 2018, as inscri\u00e7\u00f5es para comunica\u00e7\u00f5es no Semin\u00e1rio\u00a0Semana dos Museus da UFPel,\u00a0evento participante da\u00a016\u00aa Semana Nacional de Museus &#8211; Museus Hiperconectados: novas abordagens, novos p\u00fablicos, promovido pela Rede de Museus da Pr\u00f3-Reitoria de Extens\u00e3o e Cultura. O evento ocorre nos dias 16 e 17 de [&hellip;]<\/p>\n","protected":false},"author":34,"featured_media":0,"comment_status":"closed","ping_status":"closed","sticky":false,"template":"","format":"standard","meta":{"_jetpack_newsletter_access":"","_jetpack_dont_email_post_to_subs":false,"_jetpack_newsletter_tier_id":0,"_jetpack_memberships_contains_paywalled_content":false,"_jetpack_memberships_contains_paid_content":false,"footnotes":""},"categories":[4],"tags":[],"class_list":["post-9141","post","type-post","status-publish","format-standard","hentry","category-noticias"],"jetpack_featured_media_url":"","jetpack_sharing_enabled":true,"jetpack_shortlink":"https:\/\/wp.me\/p70d9s-2nr","_links":{"self":[{"href":"https:\/\/wp.ufpel.edu.br\/prec\/wp-json\/wp\/v2\/posts\/9141","targetHints":{"allow":["GET"]}}],"collection":[{"href":"https:\/\/wp.ufpel.edu.br\/prec\/wp-json\/wp\/v2\/posts"}],"about":[{"href":"https:\/\/wp.ufpel.edu.br\/prec\/wp-json\/wp\/v2\/types\/post"}],"author":[{"embeddable":true,"href":"https:\/\/wp.ufpel.edu.br\/prec\/wp-json\/wp\/v2\/users\/34"}],"replies":[{"embeddable":true,"href":"https:\/\/wp.ufpel.edu.br\/prec\/wp-json\/wp\/v2\/comments?post=9141"}],"version-history":[{"count":6,"href":"https:\/\/wp.ufpel.edu.br\/prec\/wp-json\/wp\/v2\/posts\/9141\/revisions"}],"predecessor-version":[{"id":9283,"href":"https:\/\/wp.ufpel.edu.br\/prec\/wp-json\/wp\/v2\/posts\/9141\/revisions\/9283"}],"wp:attachment":[{"href":"https:\/\/wp.ufpel.edu.br\/prec\/wp-json\/wp\/v2\/media?parent=9141"}],"wp:term":[{"taxonomy":"category","embeddable":true,"href":"https:\/\/wp.ufpel.edu.br\/prec\/wp-json\/wp\/v2\/categories?post=9141"},{"taxonomy":"post_tag","embeddable":true,"href":"https:\/\/wp.ufpel.edu.br\/prec\/wp-json\/wp\/v2\/tags?post=9141"}],"curies":[{"name":"wp","href":"https:\/\/api.w.org\/{rel}","templated":true}]}}