{"id":9020,"date":"2018-04-03T14:12:02","date_gmt":"2018-04-03T17:12:02","guid":{"rendered":"https:\/\/wp.ufpel.edu.br\/prec\/?p=9020"},"modified":"2018-04-03T14:12:28","modified_gmt":"2018-04-03T17:12:28","slug":"recepcao-cultural-aos-ingressos-2018-1-2","status":"publish","type":"post","link":"https:\/\/wp.ufpel.edu.br\/prec\/2018\/04\/03\/recepcao-cultural-aos-ingressos-2018-1-2\/","title":{"rendered":"Recep\u00e7\u00e3o Cultural aos Ingressos 2018\/1"},"content":{"rendered":"<p>A Pr\u00f3-Reitoria de Extens\u00e3o e Cultura convida para a a\u00e7\u00e3o cultural <strong>Universidade, seus contextos e desafios atuais<\/strong>, que ser\u00e1\u00a0executada pelo Regente Prof. Tiago Ribas, com membros da Orquestra da UFPEL, e uma conversa com o Reitor Pedro Curi Hallal e Gest\u00e3o.<\/p>\n<p>A a\u00e7\u00e3o acontecer\u00e1 quarta-feira, no dia 04 de abril, em dois momentos diferentes, \u00e0s 09h30min, no audit\u00f3rio da FAEM &#8211; Campus Cap\u00e3o do Le\u00e3o, e \u00e0s 19h, no audit\u00f3rio do Direito.<\/p>\n","protected":false},"excerpt":{"rendered":"<p>A Pr\u00f3-Reitoria de Extens\u00e3o e Cultura convida para a a\u00e7\u00e3o cultural Universidade, seus contextos e desafios atuais, que ser\u00e1\u00a0executada pelo Regente Prof. Tiago Ribas, com membros da Orquestra da UFPEL, e uma conversa com o Reitor Pedro Curi Hallal e Gest\u00e3o. A a\u00e7\u00e3o acontecer\u00e1 quarta-feira, no dia 04 de abril, em dois momentos diferentes, \u00e0s [&hellip;]<\/p>\n","protected":false},"author":34,"featured_media":0,"comment_status":"closed","ping_status":"closed","sticky":false,"template":"","format":"standard","meta":{"_jetpack_newsletter_access":"","_jetpack_dont_email_post_to_subs":false,"_jetpack_newsletter_tier_id":0,"_jetpack_memberships_contains_paywalled_content":false,"_jetpack_memberships_contains_paid_content":false,"footnotes":""},"categories":[4],"tags":[],"class_list":["post-9020","post","type-post","status-publish","format-standard","hentry","category-noticias"],"jetpack_featured_media_url":"","jetpack_sharing_enabled":true,"jetpack_shortlink":"https:\/\/wp.me\/p70d9s-2lu","_links":{"self":[{"href":"https:\/\/wp.ufpel.edu.br\/prec\/wp-json\/wp\/v2\/posts\/9020","targetHints":{"allow":["GET"]}}],"collection":[{"href":"https:\/\/wp.ufpel.edu.br\/prec\/wp-json\/wp\/v2\/posts"}],"about":[{"href":"https:\/\/wp.ufpel.edu.br\/prec\/wp-json\/wp\/v2\/types\/post"}],"author":[{"embeddable":true,"href":"https:\/\/wp.ufpel.edu.br\/prec\/wp-json\/wp\/v2\/users\/34"}],"replies":[{"embeddable":true,"href":"https:\/\/wp.ufpel.edu.br\/prec\/wp-json\/wp\/v2\/comments?post=9020"}],"version-history":[{"count":2,"href":"https:\/\/wp.ufpel.edu.br\/prec\/wp-json\/wp\/v2\/posts\/9020\/revisions"}],"predecessor-version":[{"id":9023,"href":"https:\/\/wp.ufpel.edu.br\/prec\/wp-json\/wp\/v2\/posts\/9020\/revisions\/9023"}],"wp:attachment":[{"href":"https:\/\/wp.ufpel.edu.br\/prec\/wp-json\/wp\/v2\/media?parent=9020"}],"wp:term":[{"taxonomy":"category","embeddable":true,"href":"https:\/\/wp.ufpel.edu.br\/prec\/wp-json\/wp\/v2\/categories?post=9020"},{"taxonomy":"post_tag","embeddable":true,"href":"https:\/\/wp.ufpel.edu.br\/prec\/wp-json\/wp\/v2\/tags?post=9020"}],"curies":[{"name":"wp","href":"https:\/\/api.w.org\/{rel}","templated":true}]}}