{"id":8893,"date":"2018-03-19T14:23:03","date_gmt":"2018-03-19T17:23:03","guid":{"rendered":"https:\/\/wp.ufpel.edu.br\/prec\/?p=8893"},"modified":"2018-03-19T14:26:40","modified_gmt":"2018-03-19T17:26:40","slug":"abertas-as-inscricoes-do-programa-de-bolsas-academicas-modalidade-iniciacao-a-extensao","status":"publish","type":"post","link":"https:\/\/wp.ufpel.edu.br\/prec\/2018\/03\/19\/abertas-as-inscricoes-do-programa-de-bolsas-academicas-modalidade-iniciacao-a-extensao\/","title":{"rendered":"Abertas as inscri\u00e7\u00f5es do Programa de Bolsas Acad\u00eamicas, modalidade Inicia\u00e7\u00e3o a Extens\u00e3o"},"content":{"rendered":"<p>Iniciam hoje as inscri\u00e7\u00f5es referentes ao Edital 03\/2018, do Programa de Bolsas Acad\u00eamicas (PBA), modalidade Inicia\u00e7\u00e3o a Extens\u00e3o.<\/p>\n<p>Poder\u00e3o\u00a0concorrer docentes coordenadores de projetos devidamente cadastrados no sistema Projetos Unificados \u2013 Cobalto.<\/p>\n<p>Ser\u00e3o contemplados com bolsa neste Edital\u00a0<strong>186 projetos de extens\u00e3o<\/strong>.<\/p>\n<p>As inscri\u00e7\u00f5es encerram no dia 1\u00ba de abril. Acesse o Edital\u00a0<a href=\"https:\/\/wp.ufpel.edu.br\/prec\/files\/2018\/02\/Edital_03-2018_Projetos.pdf\" target=\"_blank\" rel=\"noopener\">aqui<\/a>.<\/p>\n","protected":false},"excerpt":{"rendered":"<p>Iniciam hoje as inscri\u00e7\u00f5es referentes ao Edital 03\/2018, do Programa de Bolsas Acad\u00eamicas (PBA), modalidade Inicia\u00e7\u00e3o a Extens\u00e3o. Poder\u00e3o\u00a0concorrer docentes coordenadores de projetos devidamente cadastrados no sistema Projetos Unificados \u2013 Cobalto. Ser\u00e3o contemplados com bolsa neste Edital\u00a0186 projetos de extens\u00e3o. As inscri\u00e7\u00f5es encerram no dia 1\u00ba de abril. Acesse o Edital\u00a0aqui.<\/p>\n","protected":false},"author":34,"featured_media":0,"comment_status":"closed","ping_status":"closed","sticky":false,"template":"","format":"standard","meta":{"_jetpack_newsletter_access":"","_jetpack_dont_email_post_to_subs":false,"_jetpack_newsletter_tier_id":0,"_jetpack_memberships_contains_paywalled_content":false,"_jetpack_memberships_contains_paid_content":false,"footnotes":""},"categories":[4],"tags":[],"class_list":["post-8893","post","type-post","status-publish","format-standard","hentry","category-noticias"],"jetpack_featured_media_url":"","jetpack_sharing_enabled":true,"jetpack_shortlink":"https:\/\/wp.me\/p70d9s-2jr","_links":{"self":[{"href":"https:\/\/wp.ufpel.edu.br\/prec\/wp-json\/wp\/v2\/posts\/8893","targetHints":{"allow":["GET"]}}],"collection":[{"href":"https:\/\/wp.ufpel.edu.br\/prec\/wp-json\/wp\/v2\/posts"}],"about":[{"href":"https:\/\/wp.ufpel.edu.br\/prec\/wp-json\/wp\/v2\/types\/post"}],"author":[{"embeddable":true,"href":"https:\/\/wp.ufpel.edu.br\/prec\/wp-json\/wp\/v2\/users\/34"}],"replies":[{"embeddable":true,"href":"https:\/\/wp.ufpel.edu.br\/prec\/wp-json\/wp\/v2\/comments?post=8893"}],"version-history":[{"count":4,"href":"https:\/\/wp.ufpel.edu.br\/prec\/wp-json\/wp\/v2\/posts\/8893\/revisions"}],"predecessor-version":[{"id":8898,"href":"https:\/\/wp.ufpel.edu.br\/prec\/wp-json\/wp\/v2\/posts\/8893\/revisions\/8898"}],"wp:attachment":[{"href":"https:\/\/wp.ufpel.edu.br\/prec\/wp-json\/wp\/v2\/media?parent=8893"}],"wp:term":[{"taxonomy":"category","embeddable":true,"href":"https:\/\/wp.ufpel.edu.br\/prec\/wp-json\/wp\/v2\/categories?post=8893"},{"taxonomy":"post_tag","embeddable":true,"href":"https:\/\/wp.ufpel.edu.br\/prec\/wp-json\/wp\/v2\/tags?post=8893"}],"curies":[{"name":"wp","href":"https:\/\/api.w.org\/{rel}","templated":true}]}}