{"id":8676,"date":"2018-01-11T08:24:54","date_gmt":"2018-01-11T10:24:54","guid":{"rendered":"https:\/\/wp.ufpel.edu.br\/prec\/?p=8676"},"modified":"2018-01-11T08:25:43","modified_gmt":"2018-01-11T10:25:43","slug":"ifsp-abre-processo-seletivo-para-composicao-do-banco-de-consultores-de-projetos-de-extensao","status":"publish","type":"post","link":"https:\/\/wp.ufpel.edu.br\/prec\/2018\/01\/11\/ifsp-abre-processo-seletivo-para-composicao-do-banco-de-consultores-de-projetos-de-extensao\/","title":{"rendered":"IFSP abre processo seletivo para composi\u00e7\u00e3o do Banco de Consultores de Projetos de Extens\u00e3o"},"content":{"rendered":"<p>O interessado em compor o banco de consultores extensionistas do IFSP deve ser servidor, docente ou t\u00e9cnico-administrativo, do quadro de pessoal permanente de Institui\u00e7\u00f5es P\u00fablicas de Educa\u00e7\u00e3o Superior. Al\u00e9m disso, \u00e9 preciso possuir forma\u00e7\u00e3o de n\u00edvel superior; curr\u00edculo cadastrado e atualizado nos \u00faltimos 6 (seis) meses na Plataforma Lattes e ter experi\u00eancia, indicada no curr\u00edculo cadastrado na Plataforma Lattes, em programas de extens\u00e3o; projetos de extens\u00e3o ou atua\u00e7\u00e3o profissional em Diretoria ou Coordenadoria relacionadas \u00e0 extens\u00e3o. Al\u00e9m disso \u00e9 preciso estar cadastrado no <a href=\"http:\/\/sigproj1.mec.gov.br\/\">SIGProj \u2013 Sistema de Informa\u00e7\u00e3o e Gest\u00e3o de Projetos<\/a>.<\/p>\n<p><!--more--><\/p>\n<p>A ficha de inscri\u00e7\u00e3o deve ser preenchida e enviada \u00e0 Pr\u00f3-Reitoria de Extens\u00e3o por meio de formul\u00e1rio eletr\u00f4nico, dispon\u00edvel\u00a0<a href=\"http:\/\/limesurvey.ifsp.edu.br\/index.php\/991172\/lang-pt-BR\">aqui<\/a>. As inscri\u00e7\u00f5es devem ser realizadas entre 21 de dezembro de 2017 a 25 de fevereiro de 2018.<\/p>\n<p>Os consultores Ad hoc ter\u00e3o como principais atribui\u00e7\u00f5es a an\u00e1lise de: projetos de Extens\u00e3o, conforme editais publicados pela PRX; trabalhos de extens\u00e3o submetidos ao Congresso de Extens\u00e3o do IFSP; artigos e relatos de experi\u00eancias submetidos \u00e0 Revista Compartilhar do IFSP. Al\u00e9m disso, tamb\u00e9m dever\u00e3o elaborar e emitir pareceres e compor comiss\u00f5es de avalia\u00e7\u00e3o, conforme demanda.<\/p>\n<p><strong>Documentos:<\/strong><\/p>\n<p><a href=\"https:\/\/www.ifsp.edu.br\/images\/pdf\/editais\/Edital_ConsultoresAdhoc.pdf\">Edital n\u00ba 940, de 20 de dezembro de 2017<\/a>\u00a0(Tipo PDF, tamanho 197, 48kB).<\/p>\n","protected":false},"excerpt":{"rendered":"<p>O interessado em compor o banco de consultores extensionistas do IFSP deve ser servidor, docente ou t\u00e9cnico-administrativo, do quadro de pessoal permanente de Institui\u00e7\u00f5es P\u00fablicas de Educa\u00e7\u00e3o Superior. Al\u00e9m disso, \u00e9 preciso possuir forma\u00e7\u00e3o de n\u00edvel superior; curr\u00edculo cadastrado e atualizado nos \u00faltimos 6 (seis) meses na Plataforma Lattes e ter experi\u00eancia, indicada no curr\u00edculo [&hellip;]<\/p>\n","protected":false},"author":34,"featured_media":0,"comment_status":"closed","ping_status":"closed","sticky":false,"template":"","format":"standard","meta":{"_jetpack_newsletter_access":"","_jetpack_dont_email_post_to_subs":false,"_jetpack_newsletter_tier_id":0,"_jetpack_memberships_contains_paywalled_content":false,"_jetpack_memberships_contains_paid_content":false,"footnotes":""},"categories":[4],"tags":[],"class_list":["post-8676","post","type-post","status-publish","format-standard","hentry","category-noticias"],"jetpack_featured_media_url":"","jetpack_sharing_enabled":true,"jetpack_shortlink":"https:\/\/wp.me\/p70d9s-2fW","_links":{"self":[{"href":"https:\/\/wp.ufpel.edu.br\/prec\/wp-json\/wp\/v2\/posts\/8676","targetHints":{"allow":["GET"]}}],"collection":[{"href":"https:\/\/wp.ufpel.edu.br\/prec\/wp-json\/wp\/v2\/posts"}],"about":[{"href":"https:\/\/wp.ufpel.edu.br\/prec\/wp-json\/wp\/v2\/types\/post"}],"author":[{"embeddable":true,"href":"https:\/\/wp.ufpel.edu.br\/prec\/wp-json\/wp\/v2\/users\/34"}],"replies":[{"embeddable":true,"href":"https:\/\/wp.ufpel.edu.br\/prec\/wp-json\/wp\/v2\/comments?post=8676"}],"version-history":[{"count":2,"href":"https:\/\/wp.ufpel.edu.br\/prec\/wp-json\/wp\/v2\/posts\/8676\/revisions"}],"predecessor-version":[{"id":8679,"href":"https:\/\/wp.ufpel.edu.br\/prec\/wp-json\/wp\/v2\/posts\/8676\/revisions\/8679"}],"wp:attachment":[{"href":"https:\/\/wp.ufpel.edu.br\/prec\/wp-json\/wp\/v2\/media?parent=8676"}],"wp:term":[{"taxonomy":"category","embeddable":true,"href":"https:\/\/wp.ufpel.edu.br\/prec\/wp-json\/wp\/v2\/categories?post=8676"},{"taxonomy":"post_tag","embeddable":true,"href":"https:\/\/wp.ufpel.edu.br\/prec\/wp-json\/wp\/v2\/tags?post=8676"}],"curies":[{"name":"wp","href":"https:\/\/api.w.org\/{rel}","templated":true}]}}