{"id":8672,"date":"2018-01-10T11:55:13","date_gmt":"2018-01-10T13:55:13","guid":{"rendered":"https:\/\/wp.ufpel.edu.br\/prec\/?p=8672"},"modified":"2018-01-10T11:55:13","modified_gmt":"2018-01-10T13:55:13","slug":"resultado-final-das-propostas-aprovadas-para-a-colecao-extensao-e-sociedade","status":"publish","type":"post","link":"https:\/\/wp.ufpel.edu.br\/prec\/2018\/01\/10\/resultado-final-das-propostas-aprovadas-para-a-colecao-extensao-e-sociedade\/","title":{"rendered":"Resultado final das propostas aprovadas para a Cole\u00e7\u00e3o Extens\u00e3o e Sociedade"},"content":{"rendered":"<p>A Pr\u00f3-reitoria de Extens\u00e3o e Cultura divulga o resultado final das propostas aprovadas para publica\u00e7\u00e3o no primeiro n\u00famero da Cole\u00e7\u00e3o Extens\u00e3o e sociedade &#8211; Inf\u00e2ncia Cidad\u00e3, seguindo o <a href=\"https:\/\/wp.ufpel.edu.br\/prec\/files\/2018\/01\/Edital-Se%CC%81rie-ret-2.pdf\">Edital n\u00ba 14\/2017.<\/a><\/p>\n<p>Salienta-se que o prazo para adequa\u00e7\u00e3o dos textos de acordo com os pareceres ser\u00e1 at\u00e9 o dia <strong>18 de janeiro<\/strong>, imprescind\u00edvel para a publica\u00e7\u00e3o no n\u00famero.<\/p>\n<p>Abaixo a lista dos textos aprovados com ou sem recomenda\u00e7\u00f5es:<\/p>\n<p><!--more--><\/p>\n<p>1. A FORMA\u00c7\u00c3O DE PEQUENOS LEITORES: UM TRABALHO COM AS HABILIDADES DE LEITURA E DE ESCRITA EM EXTENS\u00c3O<br \/>\n2. A INFLU\u00caNCIA DA CULTURA NA EDUCA\u00c7\u00c3O: CONSIDERA\u00c7\u00d5ES PARA TRABALHAR A EDUCA\u00c7\u00c3O EM SA\u00daDE COM CRIAN\u00c7AS<br \/>\n3. A\u00c7\u00d5ES DE FORMA\u00c7\u00c3O CONTINUADA DE PROFESSORES EM UM PROJETO DE EXTENS\u00c3O: PNAIC MATEM\u00c1TICA &#8211; UFPEL<br \/>\n4. CIDADES EDUCADORAS OU EDUCATIVAS?<br \/>\n5. CONSOLIDANDO A\u00c7\u00d5ES ENTRE M\u00daSICA, INF\u00c2NCIA E INCLUS\u00c3O<br \/>\n6. CURSO DE CAPACITA\u00c7\u00c3O EM T\u00c9CNICAS HISTOL\u00d3GICAS PARA ALUNOS SURDOS<br \/>\n7. EDUCA\u00c7\u00c3O CIDAD\u00c3 EM SA\u00daDE ANIMAL, SA\u00daDE P\u00daBLICA E MEIO AMBIENTE PARA CRIAN\u00c7AS DO MEIO RURAL<br \/>\n8. FILANTROPIA, CIDADANIA E EXTENS\u00c3O<br \/>\n9. PROJETO QUEM LUTA N\u00c3O BRIGA: FORMANDO CAMPE\u00d5ES NOS TAT\u00c2MES E PARA VIDA<br \/>\n10. PROMO\u00c7\u00c3O DA SA\u00daDE BUCAL NA PRIMEIRA INF\u00c2NCIA: CONTRIBUI\u00c7\u00d5ES DO PROJETO BOCA BOCA SAUD\u00c1VEL<\/p>\n","protected":false},"excerpt":{"rendered":"<p>A Pr\u00f3-reitoria de Extens\u00e3o e Cultura divulga o resultado final das propostas aprovadas para publica\u00e7\u00e3o no primeiro n\u00famero da Cole\u00e7\u00e3o Extens\u00e3o e sociedade &#8211; Inf\u00e2ncia Cidad\u00e3, seguindo o Edital n\u00ba 14\/2017. Salienta-se que o prazo para adequa\u00e7\u00e3o dos textos de acordo com os pareceres ser\u00e1 at\u00e9 o dia 18 de janeiro, imprescind\u00edvel para a publica\u00e7\u00e3o [&hellip;]<\/p>\n","protected":false},"author":34,"featured_media":0,"comment_status":"closed","ping_status":"closed","sticky":false,"template":"","format":"standard","meta":{"_jetpack_newsletter_access":"","_jetpack_dont_email_post_to_subs":false,"_jetpack_newsletter_tier_id":0,"_jetpack_memberships_contains_paywalled_content":false,"_jetpack_memberships_contains_paid_content":false,"footnotes":""},"categories":[4],"tags":[],"class_list":["post-8672","post","type-post","status-publish","format-standard","hentry","category-noticias"],"jetpack_featured_media_url":"","jetpack_sharing_enabled":true,"jetpack_shortlink":"https:\/\/wp.me\/p70d9s-2fS","_links":{"self":[{"href":"https:\/\/wp.ufpel.edu.br\/prec\/wp-json\/wp\/v2\/posts\/8672","targetHints":{"allow":["GET"]}}],"collection":[{"href":"https:\/\/wp.ufpel.edu.br\/prec\/wp-json\/wp\/v2\/posts"}],"about":[{"href":"https:\/\/wp.ufpel.edu.br\/prec\/wp-json\/wp\/v2\/types\/post"}],"author":[{"embeddable":true,"href":"https:\/\/wp.ufpel.edu.br\/prec\/wp-json\/wp\/v2\/users\/34"}],"replies":[{"embeddable":true,"href":"https:\/\/wp.ufpel.edu.br\/prec\/wp-json\/wp\/v2\/comments?post=8672"}],"version-history":[{"count":1,"href":"https:\/\/wp.ufpel.edu.br\/prec\/wp-json\/wp\/v2\/posts\/8672\/revisions"}],"predecessor-version":[{"id":8675,"href":"https:\/\/wp.ufpel.edu.br\/prec\/wp-json\/wp\/v2\/posts\/8672\/revisions\/8675"}],"wp:attachment":[{"href":"https:\/\/wp.ufpel.edu.br\/prec\/wp-json\/wp\/v2\/media?parent=8672"}],"wp:term":[{"taxonomy":"category","embeddable":true,"href":"https:\/\/wp.ufpel.edu.br\/prec\/wp-json\/wp\/v2\/categories?post=8672"},{"taxonomy":"post_tag","embeddable":true,"href":"https:\/\/wp.ufpel.edu.br\/prec\/wp-json\/wp\/v2\/tags?post=8672"}],"curies":[{"name":"wp","href":"https:\/\/api.w.org\/{rel}","templated":true}]}}