{"id":7930,"date":"2017-09-18T15:41:52","date_gmt":"2017-09-18T18:41:52","guid":{"rendered":"https:\/\/wp.ufpel.edu.br\/prec\/?p=7930"},"modified":"2017-09-18T15:45:14","modified_gmt":"2017-09-18T18:45:14","slug":"edital-de-selecao-de-bolsista-para-programa-de-publicacoes-da-extensao","status":"publish","type":"post","link":"https:\/\/wp.ufpel.edu.br\/prec\/2017\/09\/18\/edital-de-selecao-de-bolsista-para-programa-de-publicacoes-da-extensao\/","title":{"rendered":"Edital de Sele\u00e7\u00e3o de Bolsista para Programa de Publica\u00e7\u00f5es da Extens\u00e3o"},"content":{"rendered":"<p>A Pr\u00f3-reitoria de Extens\u00e3o e Cultura torna p\u00fablico o Edital n\u00ba 12\/2017, referente a Sele\u00e7\u00e3o de 1 Bolsista, do curso de Design Gr\u00e1fico, para o Programa de Publica\u00e7\u00f5es da Extens\u00e3o, Modalidade Inicia\u00e7\u00e3o \u00e0 Extens\u00e3o.<\/p>\n<p>A bolsa ter\u00e1 a dura\u00e7\u00e3o\u00a0de 3 (tr\u00eas) meses &#8211; de 1\u00ba de outubro a 31 de dezembro de 2017. O per\u00edodo para inscri\u00e7\u00e3o ser\u00e1 <strong>de<\/strong><strong> 18 a 25\/09\/2017.<\/strong><\/p>\n<p>O Edital completo pode ser acessado clicando\u00a0<a href=\"https:\/\/wp.ufpel.edu.br\/prec\/files\/2017\/09\/Edital-12-2017-Bolsa-PBA-PREC.pdf\" rel=\"attachment wp-att-7934\">aqui<\/a>.<\/p>\n","protected":false},"excerpt":{"rendered":"<p>A Pr\u00f3-reitoria de Extens\u00e3o e Cultura torna p\u00fablico o Edital n\u00ba 12\/2017, referente a Sele\u00e7\u00e3o de 1 Bolsista, do curso de Design Gr\u00e1fico, para o Programa de Publica\u00e7\u00f5es da Extens\u00e3o, Modalidade Inicia\u00e7\u00e3o \u00e0 Extens\u00e3o. A bolsa ter\u00e1 a dura\u00e7\u00e3o\u00a0de 3 (tr\u00eas) meses &#8211; de 1\u00ba de outubro a 31 de dezembro de 2017. O per\u00edodo [&hellip;]<\/p>\n","protected":false},"author":34,"featured_media":7227,"comment_status":"closed","ping_status":"closed","sticky":false,"template":"","format":"standard","meta":{"_jetpack_newsletter_access":"","_jetpack_dont_email_post_to_subs":false,"_jetpack_newsletter_tier_id":0,"_jetpack_memberships_contains_paywalled_content":false,"_jetpack_memberships_contains_paid_content":false,"footnotes":""},"categories":[44810,4],"tags":[],"class_list":["post-7930","post","type-post","status-publish","format-standard","has-post-thumbnail","hentry","category-destaques","category-noticias"],"jetpack_featured_media_url":"https:\/\/wp.ufpel.edu.br\/prec\/files\/2017\/06\/extens\u00e3o.png","jetpack_sharing_enabled":true,"jetpack_shortlink":"https:\/\/wp.me\/p70d9s-23U","_links":{"self":[{"href":"https:\/\/wp.ufpel.edu.br\/prec\/wp-json\/wp\/v2\/posts\/7930","targetHints":{"allow":["GET"]}}],"collection":[{"href":"https:\/\/wp.ufpel.edu.br\/prec\/wp-json\/wp\/v2\/posts"}],"about":[{"href":"https:\/\/wp.ufpel.edu.br\/prec\/wp-json\/wp\/v2\/types\/post"}],"author":[{"embeddable":true,"href":"https:\/\/wp.ufpel.edu.br\/prec\/wp-json\/wp\/v2\/users\/34"}],"replies":[{"embeddable":true,"href":"https:\/\/wp.ufpel.edu.br\/prec\/wp-json\/wp\/v2\/comments?post=7930"}],"version-history":[{"count":3,"href":"https:\/\/wp.ufpel.edu.br\/prec\/wp-json\/wp\/v2\/posts\/7930\/revisions"}],"predecessor-version":[{"id":7941,"href":"https:\/\/wp.ufpel.edu.br\/prec\/wp-json\/wp\/v2\/posts\/7930\/revisions\/7941"}],"wp:featuredmedia":[{"embeddable":true,"href":"https:\/\/wp.ufpel.edu.br\/prec\/wp-json\/wp\/v2\/media\/7227"}],"wp:attachment":[{"href":"https:\/\/wp.ufpel.edu.br\/prec\/wp-json\/wp\/v2\/media?parent=7930"}],"wp:term":[{"taxonomy":"category","embeddable":true,"href":"https:\/\/wp.ufpel.edu.br\/prec\/wp-json\/wp\/v2\/categories?post=7930"},{"taxonomy":"post_tag","embeddable":true,"href":"https:\/\/wp.ufpel.edu.br\/prec\/wp-json\/wp\/v2\/tags?post=7930"}],"curies":[{"name":"wp","href":"https:\/\/api.w.org\/{rel}","templated":true}]}}