{"id":6886,"date":"2017-05-25T08:35:11","date_gmt":"2017-05-25T11:35:11","guid":{"rendered":"https:\/\/wp.ufpel.edu.br\/prec\/?p=6886"},"modified":"2017-05-25T08:35:36","modified_gmt":"2017-05-25T11:35:36","slug":"resultado-do-edital-062017-iniciacao-ao-trabalho","status":"publish","type":"post","link":"https:\/\/wp.ufpel.edu.br\/prec\/2017\/05\/25\/resultado-do-edital-062017-iniciacao-ao-trabalho\/","title":{"rendered":"Resultado do Edital 06\/2017 Inicia\u00e7\u00e3o ao Trabalho"},"content":{"rendered":"<p>A Pr\u00f3-Reitoria de Extens\u00e3o e Cultura torna p\u00fablico\u00a0o resultado do edital n\u00ba 06\/2017, da sele\u00e7\u00e3o de bolsistas\u00a0de Inicia\u00e7\u00e3o ao Trabalho<\/p>\n<p>&nbsp;<\/p>\n<p><a href=\"https:\/\/wp.ufpel.edu.br\/prec\/files\/2017\/05\/resultado-edital-06-inicia\u00e7\u00e3o-ao-trabalho.pdf\" target=\"_blank\" rel=\"noopener noreferrer\">Resultado &#8211; Edital 06\/2017<\/a><\/p>\n","protected":false},"excerpt":{"rendered":"<p>A Pr\u00f3-Reitoria de Extens\u00e3o e Cultura torna p\u00fablico\u00a0o resultado do edital n\u00ba 06\/2017, da sele\u00e7\u00e3o de bolsistas\u00a0de Inicia\u00e7\u00e3o ao Trabalho &nbsp; Resultado &#8211; Edital 06\/2017<\/p>\n","protected":false},"author":34,"featured_media":0,"comment_status":"closed","ping_status":"closed","sticky":false,"template":"","format":"standard","meta":{"_jetpack_newsletter_access":"","_jetpack_dont_email_post_to_subs":false,"_jetpack_newsletter_tier_id":0,"_jetpack_memberships_contains_paywalled_content":false,"_jetpack_memberships_contains_paid_content":false,"footnotes":""},"categories":[4],"tags":[],"class_list":["post-6886","post","type-post","status-publish","format-standard","hentry","category-noticias"],"jetpack_featured_media_url":"","jetpack_sharing_enabled":true,"jetpack_shortlink":"https:\/\/wp.me\/p70d9s-1N4","_links":{"self":[{"href":"https:\/\/wp.ufpel.edu.br\/prec\/wp-json\/wp\/v2\/posts\/6886","targetHints":{"allow":["GET"]}}],"collection":[{"href":"https:\/\/wp.ufpel.edu.br\/prec\/wp-json\/wp\/v2\/posts"}],"about":[{"href":"https:\/\/wp.ufpel.edu.br\/prec\/wp-json\/wp\/v2\/types\/post"}],"author":[{"embeddable":true,"href":"https:\/\/wp.ufpel.edu.br\/prec\/wp-json\/wp\/v2\/users\/34"}],"replies":[{"embeddable":true,"href":"https:\/\/wp.ufpel.edu.br\/prec\/wp-json\/wp\/v2\/comments?post=6886"}],"version-history":[{"count":2,"href":"https:\/\/wp.ufpel.edu.br\/prec\/wp-json\/wp\/v2\/posts\/6886\/revisions"}],"predecessor-version":[{"id":6890,"href":"https:\/\/wp.ufpel.edu.br\/prec\/wp-json\/wp\/v2\/posts\/6886\/revisions\/6890"}],"wp:attachment":[{"href":"https:\/\/wp.ufpel.edu.br\/prec\/wp-json\/wp\/v2\/media?parent=6886"}],"wp:term":[{"taxonomy":"category","embeddable":true,"href":"https:\/\/wp.ufpel.edu.br\/prec\/wp-json\/wp\/v2\/categories?post=6886"},{"taxonomy":"post_tag","embeddable":true,"href":"https:\/\/wp.ufpel.edu.br\/prec\/wp-json\/wp\/v2\/tags?post=6886"}],"curies":[{"name":"wp","href":"https:\/\/api.w.org\/{rel}","templated":true}]}}