{"id":4750,"date":"2015-10-07T16:29:15","date_gmt":"2015-10-07T19:29:15","guid":{"rendered":"https:\/\/wp.ufpel.edu.br\/prec\/?p=4750"},"modified":"2015-10-07T16:29:15","modified_gmt":"2015-10-07T19:29:15","slug":"cine-ufpel-informa-a-programacao-de-outubro","status":"publish","type":"post","link":"https:\/\/wp.ufpel.edu.br\/prec\/2015\/10\/07\/cine-ufpel-informa-a-programacao-de-outubro\/","title":{"rendered":"Cine UFPel informa a programa\u00e7\u00e3o de outubro"},"content":{"rendered":"<p>O projeto Cine UFPel divulgou a programa\u00e7\u00e3o do m\u00eas de outubro. A entrada \u00e9 gratuita (n\u00e3o \u00e9 preciso retirar senha) e as sess\u00f5es acontecem na Ag\u00eancia da Lagoa Mirim, na Rua Lobo da Costa, n\u00ba 447.<\/p>\n<p>Para mais informa\u00e7\u00f5es, confira a p\u00e1gina do <a href=\"https:\/\/www.facebook.com\/cineufpel?fref=ts\" target=\"_blank\">Cine UFPel<\/a> no Facebook.<\/p>\n<p><a href=\"https:\/\/wp.ufpel.edu.br\/prec\/files\/2015\/10\/Cine-UFPel_programa\u00e7\u00e3o-outubro_01.jpg\"><img class=\"alignleft wp-image-4751 size-thumbnail\" src=\"https:\/\/wp.ufpel.edu.br\/prec\/files\/2015\/10\/Cine-UFPel_programa\u00e7\u00e3o-outubro_01-112x159.jpg\" alt=\"Cine UFPel_programa\u00e7\u00e3o outubro_01\" width=\"112\" height=\"159\" srcset=\"https:\/\/wp.ufpel.edu.br\/prec\/files\/2015\/10\/Cine-UFPel_programa\u00e7\u00e3o-outubro_01-112x159.jpg 112w, https:\/\/wp.ufpel.edu.br\/prec\/files\/2015\/10\/Cine-UFPel_programa\u00e7\u00e3o-outubro_01-224x318.jpg 224w, https:\/\/wp.ufpel.edu.br\/prec\/files\/2015\/10\/Cine-UFPel_programa\u00e7\u00e3o-outubro_01.jpg 842w\" sizes=\"(max-width: 112px) 100vw, 112px\" \/><\/a><a href=\"https:\/\/wp.ufpel.edu.br\/prec\/files\/2015\/10\/Cine-UFPel_programa\u00e7\u00e3o-outubro_02.jpg\"><img class=\"size-thumbnail wp-image-4752 aligncenter\" src=\"https:\/\/wp.ufpel.edu.br\/prec\/files\/2015\/10\/Cine-UFPel_programa\u00e7\u00e3o-outubro_02-113x159.jpg\" alt=\"Cine UFPel_programa\u00e7\u00e3o outubro_02\" width=\"113\" height=\"159\" srcset=\"https:\/\/wp.ufpel.edu.br\/prec\/files\/2015\/10\/Cine-UFPel_programa\u00e7\u00e3o-outubro_02-113x159.jpg 113w, https:\/\/wp.ufpel.edu.br\/prec\/files\/2015\/10\/Cine-UFPel_programa\u00e7\u00e3o-outubro_02-225x318.jpg 225w, https:\/\/wp.ufpel.edu.br\/prec\/files\/2015\/10\/Cine-UFPel_programa\u00e7\u00e3o-outubro_02.jpg 843w\" sizes=\"(max-width: 113px) 100vw, 113px\" \/><\/a><\/p>\n","protected":false},"excerpt":{"rendered":"<p>O projeto Cine UFPel divulgou a programa\u00e7\u00e3o do m\u00eas de outubro. A entrada \u00e9 gratuita (n\u00e3o \u00e9 preciso retirar senha) e as sess\u00f5es acontecem na Ag\u00eancia da Lagoa Mirim, na Rua Lobo da Costa, n\u00ba 447. Para mais informa\u00e7\u00f5es, confira a p\u00e1gina do Cine UFPel no Facebook.<\/p>\n","protected":false},"author":34,"featured_media":0,"comment_status":"closed","ping_status":"closed","sticky":false,"template":"","format":"standard","meta":{"_jetpack_newsletter_access":"","_jetpack_dont_email_post_to_subs":false,"_jetpack_newsletter_tier_id":0,"_jetpack_memberships_contains_paywalled_content":false,"_jetpack_memberships_contains_paid_content":false,"footnotes":""},"categories":[4],"tags":[],"class_list":["post-4750","post","type-post","status-publish","format-standard","hentry","category-noticias"],"jetpack_featured_media_url":"","jetpack_sharing_enabled":true,"jetpack_shortlink":"https:\/\/wp.me\/p70d9s-1eC","_links":{"self":[{"href":"https:\/\/wp.ufpel.edu.br\/prec\/wp-json\/wp\/v2\/posts\/4750","targetHints":{"allow":["GET"]}}],"collection":[{"href":"https:\/\/wp.ufpel.edu.br\/prec\/wp-json\/wp\/v2\/posts"}],"about":[{"href":"https:\/\/wp.ufpel.edu.br\/prec\/wp-json\/wp\/v2\/types\/post"}],"author":[{"embeddable":true,"href":"https:\/\/wp.ufpel.edu.br\/prec\/wp-json\/wp\/v2\/users\/34"}],"replies":[{"embeddable":true,"href":"https:\/\/wp.ufpel.edu.br\/prec\/wp-json\/wp\/v2\/comments?post=4750"}],"version-history":[{"count":8,"href":"https:\/\/wp.ufpel.edu.br\/prec\/wp-json\/wp\/v2\/posts\/4750\/revisions"}],"predecessor-version":[{"id":4760,"href":"https:\/\/wp.ufpel.edu.br\/prec\/wp-json\/wp\/v2\/posts\/4750\/revisions\/4760"}],"wp:attachment":[{"href":"https:\/\/wp.ufpel.edu.br\/prec\/wp-json\/wp\/v2\/media?parent=4750"}],"wp:term":[{"taxonomy":"category","embeddable":true,"href":"https:\/\/wp.ufpel.edu.br\/prec\/wp-json\/wp\/v2\/categories?post=4750"},{"taxonomy":"post_tag","embeddable":true,"href":"https:\/\/wp.ufpel.edu.br\/prec\/wp-json\/wp\/v2\/tags?post=4750"}],"curies":[{"name":"wp","href":"https:\/\/api.w.org\/{rel}","templated":true}]}}