{"id":3973,"date":"2015-03-30T15:54:32","date_gmt":"2015-03-30T18:54:32","guid":{"rendered":"https:\/\/wp.ufpel.edu.br\/prec\/?p=3973"},"modified":"2015-03-30T15:54:32","modified_gmt":"2015-03-30T18:54:32","slug":"revista-expressa-extensao-seleciona-artigos-sobre-arquitetura-e-sustentabilidade","status":"publish","type":"post","link":"https:\/\/wp.ufpel.edu.br\/prec\/2015\/03\/30\/revista-expressa-extensao-seleciona-artigos-sobre-arquitetura-e-sustentabilidade\/","title":{"rendered":"Revista Expressa Extens\u00e3o seleciona artigos sobre Arquitetura e Sustentabilidade"},"content":{"rendered":"<p>A Revista Expressa Extens\u00e3o<strong>, <\/strong>peri\u00f3dico semestral da Pr\u00f3-Reitoria de Extens\u00e3o e Cultura da Universidade Federal de Pelotas, abre o per\u00edodo para submiss\u00e3o de propostas a serem avaliadas para publica\u00e7\u00e3o no segundo n\u00famero de 2015 (volume 20,\u00a0 n\u00famero 2) com lan\u00e7amento previsto para dezembro. As propostas devem ser apresentadas de acordo com as normas de publica\u00e7\u00e3o e dever\u00e3o atender a seguinte tem\u00e1tica:<\/p>\n<p><strong>Arquitetura e Sustentabilidade<\/strong><\/p>\n<p>O Volume 20\/n\u00b02 da Revista Expressa Extens\u00e3o receber\u00e1 artigos com temas ligados \u00e0 extens\u00e3o universit\u00e1ria como parte da solu\u00e7\u00e3o dos problemas relacionados aos recursos limitados, \u00e0 organiza\u00e7\u00e3o do territ\u00f3rio e \u00e0 habita\u00e7\u00e3o, entendida como o espa\u00e7o edificado ou urbano onde a vida se desenvolve. Os trabalhos apresentados dever\u00e3o ter como fim, a implementa\u00e7\u00e3o de pol\u00edticas p\u00fablicas voltadas para a maioria da popula\u00e7\u00e3o, a qualifica\u00e7\u00e3o e a educa\u00e7\u00e3o permanente da comunidade, a disponibiliza\u00e7\u00e3o de novos meios e processos de produ\u00e7\u00e3o, a transfer\u00eancia do conhecimento ou o desenvolvimento tecnol\u00f3gico ou social do pa\u00eds. Assim, convidam-se os autores a participarem e, atrav\u00e9s da difus\u00e3o dos seus trabalhos, promoverem a reflex\u00e3o e a pr\u00e1tica sobre alternativas sustent\u00e1veis de interfer\u00eancias no meio e na comunidade.<\/p>\n<p>A submiss\u00e3o dever\u00e1 ser feita e conduzida conforme cronograma abaixo (2015)<\/p>\n<table>\n<tbody>\n<tr>\n<td width=\"92\"><strong>N\u00famero<\/strong><\/td>\n<td width=\"123\"><strong>Data limite submiss\u00e3o<\/strong><\/td>\n<td width=\"132\"><strong>Per\u00edodo de Avalia\u00e7\u00e3o<\/strong><\/td>\n<td width=\"132\"><strong>Data de revis\u00e3o<\/strong><\/td>\n<td width=\"132\"><strong>Data de publica\u00e7\u00e3o<\/strong><\/td>\n<\/tr>\n<tr>\n<td width=\"92\">\n<p><strong>V. 20\/ 2<\/strong><\/p>\n<p>&nbsp;<\/td>\n<td width=\"123\">At\u00e9 15 de outubro<\/td>\n<td width=\"132\">At\u00e9 15 de novembro<\/td>\n<td width=\"132\">At\u00e9 de 30 de novembro<\/td>\n<td width=\"132\">30 de dezembro<\/td>\n<\/tr>\n<\/tbody>\n<\/table>\n<p>&nbsp;<\/p>\n","protected":false},"excerpt":{"rendered":"<p>A Revista Expressa Extens\u00e3o, peri\u00f3dico semestral da Pr\u00f3-Reitoria de Extens\u00e3o e Cultura da Universidade Federal de Pelotas, abre o per\u00edodo para submiss\u00e3o de propostas a serem avaliadas para publica\u00e7\u00e3o no segundo n\u00famero de 2015 (volume 20,\u00a0 n\u00famero 2) com lan\u00e7amento previsto para dezembro. As propostas devem ser apresentadas de acordo com as normas de publica\u00e7\u00e3o [&hellip;]<\/p>\n","protected":false},"author":34,"featured_media":0,"comment_status":"closed","ping_status":"closed","sticky":false,"template":"","format":"standard","meta":{"_jetpack_newsletter_access":"","_jetpack_dont_email_post_to_subs":false,"_jetpack_newsletter_tier_id":0,"_jetpack_memberships_contains_paywalled_content":false,"_jetpack_memberships_contains_paid_content":false,"footnotes":""},"categories":[4],"tags":[],"class_list":["post-3973","post","type-post","status-publish","format-standard","hentry","category-noticias"],"jetpack_featured_media_url":"","jetpack_sharing_enabled":true,"jetpack_shortlink":"https:\/\/wp.me\/p70d9s-125","_links":{"self":[{"href":"https:\/\/wp.ufpel.edu.br\/prec\/wp-json\/wp\/v2\/posts\/3973","targetHints":{"allow":["GET"]}}],"collection":[{"href":"https:\/\/wp.ufpel.edu.br\/prec\/wp-json\/wp\/v2\/posts"}],"about":[{"href":"https:\/\/wp.ufpel.edu.br\/prec\/wp-json\/wp\/v2\/types\/post"}],"author":[{"embeddable":true,"href":"https:\/\/wp.ufpel.edu.br\/prec\/wp-json\/wp\/v2\/users\/34"}],"replies":[{"embeddable":true,"href":"https:\/\/wp.ufpel.edu.br\/prec\/wp-json\/wp\/v2\/comments?post=3973"}],"version-history":[{"count":2,"href":"https:\/\/wp.ufpel.edu.br\/prec\/wp-json\/wp\/v2\/posts\/3973\/revisions"}],"predecessor-version":[{"id":3975,"href":"https:\/\/wp.ufpel.edu.br\/prec\/wp-json\/wp\/v2\/posts\/3973\/revisions\/3975"}],"wp:attachment":[{"href":"https:\/\/wp.ufpel.edu.br\/prec\/wp-json\/wp\/v2\/media?parent=3973"}],"wp:term":[{"taxonomy":"category","embeddable":true,"href":"https:\/\/wp.ufpel.edu.br\/prec\/wp-json\/wp\/v2\/categories?post=3973"},{"taxonomy":"post_tag","embeddable":true,"href":"https:\/\/wp.ufpel.edu.br\/prec\/wp-json\/wp\/v2\/tags?post=3973"}],"curies":[{"name":"wp","href":"https:\/\/api.w.org\/{rel}","templated":true}]}}