{"id":24072,"date":"2026-03-20T16:00:26","date_gmt":"2026-03-20T19:00:26","guid":{"rendered":"https:\/\/wp.ufpel.edu.br\/prec\/?p=24072"},"modified":"2026-03-20T16:08:37","modified_gmt":"2026-03-20T19:08:37","slug":"resultado-final-editais-01-2026-02-2026-e-03-2026","status":"publish","type":"post","link":"https:\/\/wp.ufpel.edu.br\/prec\/2026\/03\/20\/resultado-final-editais-01-2026-02-2026-e-03-2026\/","title":{"rendered":"Resultado FINAL \u2013 Editais 01\/2026, 02\/2026 e 03\/2026"},"content":{"rendered":"<p style=\"text-align: justify\"><a href=\"https:\/\/wp.ufpel.edu.br\/prec\/files\/2021\/03\/Card-modelo.jpg\"><img class=\"alignleft wp-image-14105 \" src=\"https:\/\/wp.ufpel.edu.br\/prec\/files\/2021\/03\/Card-modelo-200x200.jpg\" alt=\"\" width=\"252\" height=\"252\" srcset=\"https:\/\/wp.ufpel.edu.br\/prec\/files\/2021\/03\/Card-modelo-200x200.jpg 200w, https:\/\/wp.ufpel.edu.br\/prec\/files\/2021\/03\/Card-modelo-400x400.jpg 400w, https:\/\/wp.ufpel.edu.br\/prec\/files\/2021\/03\/Card-modelo-1024x1024.jpg 1024w, https:\/\/wp.ufpel.edu.br\/prec\/files\/2021\/03\/Card-modelo-768x768.jpg 768w, https:\/\/wp.ufpel.edu.br\/prec\/files\/2021\/03\/Card-modelo-32x32.jpg 32w, https:\/\/wp.ufpel.edu.br\/prec\/files\/2021\/03\/Card-modelo.jpg 1081w\" sizes=\"(max-width: 252px) 100vw, 252px\" \/><\/a>A PREC torna p\u00fablica a listagem com a classifica\u00e7\u00e3o FINAL dos projetos contemplados com bolsa de extens\u00e3o e cultura, atrav\u00e9s dos Editais 01\/2026, 02\/2026 e 03\/2026 referentes ao Programa de Bolsas Acad\u00eamicas (PBA), Modalidade Inicia\u00e7\u00e3o \u00e0 Extens\u00e3o.<\/p>\n<p>&nbsp;<\/p>\n<p style=\"text-align: left\"><a href=\"https:\/\/wp.ufpel.edu.br\/prec\/files\/2026\/03\/Resultado-FINAL-edital-01-2026.pdf\" target=\"_blank\" rel=\"noopener\">Resultado FINAL \u2013 Edital 01\/2026 &#8211; Ampla Concorr\u00eancia<\/a><\/p>\n<p style=\"text-align: left\"><a href=\"https:\/\/wp.ufpel.edu.br\/prec\/files\/2026\/03\/Resultado-FINAL-edital-02-2026.pdf\" target=\"_blank\" rel=\"noopener\">Resultado FINAL \u2013 Edital 02\/2026 &#8211; A\u00e7\u00f5es Afirmativas<\/a><\/p>\n<p style=\"text-align: left\"><a href=\"https:\/\/wp.ufpel.edu.br\/prec\/files\/2026\/03\/Resultado-FINAL-edital-03-2026.pdf\" target=\"_blank\" rel=\"noopener\">Resultado FINAL \u2013 Edital 03\/2026 &#8211; Bolsas para estudantes com defici\u00eancia<\/a><\/p>\n<p><span style=\"font-size: 10pt\"><em><strong>O prazo para indica\u00e7\u00e3o dos bolsistas \u00e9 at\u00e9 31\/03\/2026, as orienta\u00e7\u00f5es ser\u00e3o enviadas por e-mail<\/strong>.<\/em><\/span><\/p>\n","protected":false},"excerpt":{"rendered":"<p>A PREC torna p\u00fablica a listagem com a classifica\u00e7\u00e3o FINAL dos projetos contemplados com bolsa de extens\u00e3o e cultura, atrav\u00e9s dos Editais 01\/2026, 02\/2026 e 03\/2026 referentes ao Programa de Bolsas Acad\u00eamicas (PBA), Modalidade Inicia\u00e7\u00e3o \u00e0 Extens\u00e3o. &nbsp; Resultado FINAL \u2013 Edital 01\/2026 &#8211; Ampla Concorr\u00eancia Resultado FINAL \u2013 Edital 02\/2026 &#8211; A\u00e7\u00f5es Afirmativas Resultado [&hellip;]<\/p>\n","protected":false},"author":34,"featured_media":11263,"comment_status":"closed","ping_status":"closed","sticky":false,"template":"","format":"standard","meta":{"_jetpack_newsletter_access":"","_jetpack_dont_email_post_to_subs":false,"_jetpack_newsletter_tier_id":0,"_jetpack_memberships_contains_paywalled_content":false,"_jetpack_memberships_contains_paid_content":false,"footnotes":""},"categories":[44810,4],"tags":[],"class_list":["post-24072","post","type-post","status-publish","format-standard","has-post-thumbnail","hentry","category-destaques","category-noticias"],"jetpack_featured_media_url":"https:\/\/wp.ufpel.edu.br\/prec\/files\/2019\/05\/bolsas.png","jetpack_sharing_enabled":true,"jetpack_shortlink":"https:\/\/wp.me\/p70d9s-6gg","_links":{"self":[{"href":"https:\/\/wp.ufpel.edu.br\/prec\/wp-json\/wp\/v2\/posts\/24072","targetHints":{"allow":["GET"]}}],"collection":[{"href":"https:\/\/wp.ufpel.edu.br\/prec\/wp-json\/wp\/v2\/posts"}],"about":[{"href":"https:\/\/wp.ufpel.edu.br\/prec\/wp-json\/wp\/v2\/types\/post"}],"author":[{"embeddable":true,"href":"https:\/\/wp.ufpel.edu.br\/prec\/wp-json\/wp\/v2\/users\/34"}],"replies":[{"embeddable":true,"href":"https:\/\/wp.ufpel.edu.br\/prec\/wp-json\/wp\/v2\/comments?post=24072"}],"version-history":[{"count":2,"href":"https:\/\/wp.ufpel.edu.br\/prec\/wp-json\/wp\/v2\/posts\/24072\/revisions"}],"predecessor-version":[{"id":24078,"href":"https:\/\/wp.ufpel.edu.br\/prec\/wp-json\/wp\/v2\/posts\/24072\/revisions\/24078"}],"wp:featuredmedia":[{"embeddable":true,"href":"https:\/\/wp.ufpel.edu.br\/prec\/wp-json\/wp\/v2\/media\/11263"}],"wp:attachment":[{"href":"https:\/\/wp.ufpel.edu.br\/prec\/wp-json\/wp\/v2\/media?parent=24072"}],"wp:term":[{"taxonomy":"category","embeddable":true,"href":"https:\/\/wp.ufpel.edu.br\/prec\/wp-json\/wp\/v2\/categories?post=24072"},{"taxonomy":"post_tag","embeddable":true,"href":"https:\/\/wp.ufpel.edu.br\/prec\/wp-json\/wp\/v2\/tags?post=24072"}],"curies":[{"name":"wp","href":"https:\/\/api.w.org\/{rel}","templated":true}]}}