{"id":22110,"date":"2025-02-20T16:00:09","date_gmt":"2025-02-20T19:00:09","guid":{"rendered":"https:\/\/wp.ufpel.edu.br\/prec\/?p=22110"},"modified":"2025-02-20T16:38:49","modified_gmt":"2025-02-20T19:38:49","slug":"projeto-mostra-de-teatro-para-escolas-promove-experiencias-culturais-e-artisticas-para-estudantes-de-pelotas","status":"publish","type":"post","link":"https:\/\/wp.ufpel.edu.br\/prec\/2025\/02\/20\/projeto-mostra-de-teatro-para-escolas-promove-experiencias-culturais-e-artisticas-para-estudantes-de-pelotas\/","title":{"rendered":"Projeto Mostra de Teatro para Escolas promove experi\u00eancias culturais e art\u00edsticas para estudantes de Pelotas"},"content":{"rendered":"<p class=\"jetpack-slideshow-noscript robots-nocontent\">Este slideshow necessita de JavaScript.<\/p><div id=\"gallery-22110-1-slideshow\" class=\"jetpack-slideshow-window jetpack-slideshow jetpack-slideshow-black\" data-trans=\"fade\" data-autostart=\"1\" data-gallery=\"[{&quot;src&quot;:&quot;https:\\\/\\\/wp.ufpel.edu.br\\\/prec\\\/files\\\/2025\\\/02\\\/Cartaz.jpg&quot;,&quot;id&quot;:&quot;22127&quot;,&quot;title&quot;:&quot;Cartaz&quot;,&quot;alt&quot;:&quot;&quot;,&quot;caption&quot;:&quot;&quot;,&quot;itemprop&quot;:&quot;image&quot;},{&quot;src&quot;:&quot;https:\\\/\\\/wp.ufpel.edu.br\\\/prec\\\/files\\\/2025\\\/02\\\/Relatorio_Parcial_da_Viagem_compressed_Pagina_07.jpg&quot;,&quot;id&quot;:&quot;22117&quot;,&quot;title&quot;:&quot;Relatorio_Parcial_da_Viagem_compressed_P\\u00e1gina_07&quot;,&quot;alt&quot;:&quot;&quot;,&quot;caption&quot;:&quot;&quot;,&quot;itemprop&quot;:&quot;image&quot;},{&quot;src&quot;:&quot;https:\\\/\\\/wp.ufpel.edu.br\\\/prec\\\/files\\\/2025\\\/02\\\/Relatorio_Parcial_da_Viagem_compressed_Pagina_09.jpg&quot;,&quot;id&quot;:&quot;22119&quot;,&quot;title&quot;:&quot;Relatorio_Parcial_da_Viagem_compressed_P\\u00e1gina_09&quot;,&quot;alt&quot;:&quot;&quot;,&quot;caption&quot;:&quot;&quot;,&quot;itemprop&quot;:&quot;image&quot;},{&quot;src&quot;:&quot;https:\\\/\\\/wp.ufpel.edu.br\\\/prec\\\/files\\\/2025\\\/02\\\/Relatorio_Parcial_da_Viagem_compressed_Pagina_08.jpg&quot;,&quot;id&quot;:&quot;22118&quot;,&quot;title&quot;:&quot;Relatorio_Parcial_da_Viagem_compressed_P\\u00e1gina_08&quot;,&quot;alt&quot;:&quot;&quot;,&quot;caption&quot;:&quot;&quot;,&quot;itemprop&quot;:&quot;image&quot;},{&quot;src&quot;:&quot;https:\\\/\\\/wp.ufpel.edu.br\\\/prec\\\/files\\\/2025\\\/02\\\/Relatorio_Parcial_da_Viagem_compressed_Pagina_10.jpg&quot;,&quot;id&quot;:&quot;22120&quot;,&quot;title&quot;:&quot;Relatorio_Parcial_da_Viagem_compressed_P\\u00e1gina_10&quot;,&quot;alt&quot;:&quot;&quot;,&quot;caption&quot;:&quot;&quot;,&quot;itemprop&quot;:&quot;image&quot;},{&quot;src&quot;:&quot;https:\\\/\\\/wp.ufpel.edu.br\\\/prec\\\/files\\\/2025\\\/02\\\/Relatorio_Parcial_da_Viagem_compressed_Pagina_11.jpg&quot;,&quot;id&quot;:&quot;22121&quot;,&quot;title&quot;:&quot;Relatorio_Parcial_da_Viagem_compressed_P\\u00e1gina_11&quot;,&quot;alt&quot;:&quot;&quot;,&quot;caption&quot;:&quot;&quot;,&quot;itemprop&quot;:&quot;image&quot;},{&quot;src&quot;:&quot;https:\\\/\\\/wp.ufpel.edu.br\\\/prec\\\/files\\\/2025\\\/02\\\/Relatorio_Parcial_da_Viagem_compressed_Pagina_12.jpg&quot;,&quot;id&quot;:&quot;22122&quot;,&quot;title&quot;:&quot;Relatorio_Parcial_da_Viagem_compressed_P\\u00e1gina_12&quot;,&quot;alt&quot;:&quot;&quot;,&quot;caption&quot;:&quot;&quot;,&quot;itemprop&quot;:&quot;image&quot;},{&quot;src&quot;:&quot;https:\\\/\\\/wp.ufpel.edu.br\\\/prec\\\/files\\\/2025\\\/02\\\/Relatorio_Parcial_da_Viagem_compressed_Pagina_13.jpg&quot;,&quot;id&quot;:&quot;22123&quot;,&quot;title&quot;:&quot;Relatorio_Parcial_da_Viagem_compressed_P\\u00e1gina_13&quot;,&quot;alt&quot;:&quot;&quot;,&quot;caption&quot;:&quot;&quot;,&quot;itemprop&quot;:&quot;image&quot;},{&quot;src&quot;:&quot;https:\\\/\\\/wp.ufpel.edu.br\\\/prec\\\/files\\\/2025\\\/02\\\/Relatorio_Parcial_da_Viagem_compressed_Pagina_14.jpg&quot;,&quot;id&quot;:&quot;22124&quot;,&quot;title&quot;:&quot;Relatorio_Parcial_da_Viagem_compressed_P\\u00e1gina_14&quot;,&quot;alt&quot;:&quot;&quot;,&quot;caption&quot;:&quot;&quot;,&quot;itemprop&quot;:&quot;image&quot;},{&quot;src&quot;:&quot;https:\\\/\\\/wp.ufpel.edu.br\\\/prec\\\/files\\\/2025\\\/02\\\/Relatorio_Parcial_da_Viagem_compressed_Pagina_15.jpg&quot;,&quot;id&quot;:&quot;22125&quot;,&quot;title&quot;:&quot;Relatorio_Parcial_da_Viagem_compressed_P\\u00e1gina_15&quot;,&quot;alt&quot;:&quot;&quot;,&quot;caption&quot;:&quot;&quot;,&quot;itemprop&quot;:&quot;image&quot;},{&quot;src&quot;:&quot;https:\\\/\\\/wp.ufpel.edu.br\\\/prec\\\/files\\\/2025\\\/02\\\/Relatorio_Parcial_da_Viagem_compressed_Pagina_16-1.jpg&quot;,&quot;id&quot;:&quot;22128&quot;,&quot;title&quot;:&quot;Relatorio_Parcial_da_Viagem_compressed_P\\u00e1gina_16&quot;,&quot;alt&quot;:&quot;&quot;,&quot;caption&quot;:&quot;&quot;,&quot;itemprop&quot;:&quot;image&quot;},{&quot;src&quot;:&quot;https:\\\/\\\/wp.ufpel.edu.br\\\/prec\\\/files\\\/2025\\\/02\\\/Relatorio_Parcial_da_Viagem_compressed_Pagina_17.jpg&quot;,&quot;id&quot;:&quot;22112&quot;,&quot;title&quot;:&quot;Relatorio_Parcial_da_Viagem_compressed_P\\u00e1gina_17&quot;,&quot;alt&quot;:&quot;&quot;,&quot;caption&quot;:&quot;&quot;,&quot;itemprop&quot;:&quot;image&quot;},{&quot;src&quot;:&quot;https:\\\/\\\/wp.ufpel.edu.br\\\/prec\\\/files\\\/2025\\\/02\\\/Relatorio_Parcial_da_Viagem_compressed_Pagina_18.jpg&quot;,&quot;id&quot;:&quot;22113&quot;,&quot;title&quot;:&quot;Relatorio_Parcial_da_Viagem_compressed_P\\u00e1gina_18&quot;,&quot;alt&quot;:&quot;&quot;,&quot;caption&quot;:&quot;&quot;,&quot;itemprop&quot;:&quot;image&quot;},{&quot;src&quot;:&quot;https:\\\/\\\/wp.ufpel.edu.br\\\/prec\\\/files\\\/2025\\\/02\\\/Relatorio_Parcial_da_Viagem_compressed_Pagina_19.jpg&quot;,&quot;id&quot;:&quot;22114&quot;,&quot;title&quot;:&quot;Relatorio_Parcial_da_Viagem_compressed_P\\u00e1gina_19&quot;,&quot;alt&quot;:&quot;&quot;,&quot;caption&quot;:&quot;&quot;,&quot;itemprop&quot;:&quot;image&quot;},{&quot;src&quot;:&quot;https:\\\/\\\/wp.ufpel.edu.br\\\/prec\\\/files\\\/2025\\\/02\\\/Relatorio_Parcial_da_Viagem_compressed_Pagina_20.jpg&quot;,&quot;id&quot;:&quot;22115&quot;,&quot;title&quot;:&quot;Relatorio_Parcial_da_Viagem_compressed_P\\u00e1gina_20&quot;,&quot;alt&quot;:&quot;&quot;,&quot;caption&quot;:&quot;&quot;,&quot;itemprop&quot;:&quot;image&quot;},{&quot;src&quot;:&quot;https:\\\/\\\/wp.ufpel.edu.br\\\/prec\\\/files\\\/2025\\\/02\\\/Relatorio_Parcial_da_Viagem_compressed_Pagina_21.jpg&quot;,&quot;id&quot;:&quot;22116&quot;,&quot;title&quot;:&quot;Relatorio_Parcial_da_Viagem_compressed_P\\u00e1gina_21&quot;,&quot;alt&quot;:&quot;&quot;,&quot;caption&quot;:&quot;&quot;,&quot;itemprop&quot;:&quot;image&quot;},{&quot;src&quot;:&quot;https:\\\/\\\/wp.ufpel.edu.br\\\/prec\\\/files\\\/2025\\\/02\\\/Relatorio_Parcial_da_Viagem_compressed_Pagina_16.jpg&quot;,&quot;id&quot;:&quot;22126&quot;,&quot;title&quot;:&quot;Relatorio_Parcial_da_Viagem_compressed_P\\u00e1gina_16&quot;,&quot;alt&quot;:&quot;&quot;,&quot;caption&quot;:&quot;&quot;,&quot;itemprop&quot;:&quot;image&quot;}]\" itemscope itemtype=\"https:\/\/schema.org\/ImageGallery\"><\/div>\n<p>O projeto <strong>Mostra de Teatro para Escolas<\/strong> levou estudantes de escolas p\u00fablicas da cidade para viv\u00eancias culturais e art\u00edsticas no Centro de Artes da universidade, a a\u00e7\u00e3o ocorreu entre os dias 10 e 13 de dezembro de 2024. A iniciativa foi viabilizada por meio do Edital 06\/2024 da Pr\u00f3-Reitoria de Extens\u00e3o e Cultura (PREC), que fomenta a curriculariza\u00e7\u00e3o e integraliza\u00e7\u00e3o da extens\u00e3o, garantindo recursos para transporte e log\u00edstica.<\/p>\n<p>O projeto, organizado por professoras e alunos do Curso de Teatro Licenciatura, contou com a participa\u00e7\u00e3o de quatro escolas municipais e estaduais de Pelotas. Durante os dias de evento, os estudantes tiveram a oportunidade de assistir a performances teatrais, como &#8220;Intr\u00ednseca&#8221; e &#8220;O \u00faltimo Godot&#8221;, al\u00e9m de participar de rodas de conversa, visitar as depend\u00eancias do Centro de Artes e interagir com acad\u00eamicos e professores do curso de Teatro.<\/p>\n<p>A Mostra teve como objetivo principal proporcionar experi\u00eancias est\u00e9ticas e ampliar o repert\u00f3rio cultural dos alunos, muitos dos quais nunca haviam tido contato com o teatro. A iniciativa tamb\u00e9m buscou fortalecer a rela\u00e7\u00e3o entre a universidade e a comunidade escolar, promovendo a forma\u00e7\u00e3o de novas plateias e a media\u00e7\u00e3o cultural.<\/p>\n<p><strong>Desafios e solu\u00e7\u00f5es<\/strong><\/p>\n<p>Durante a execu\u00e7\u00e3o do projeto, alguns desafios foram identificados, como a falta de repert\u00f3rio art\u00edstico dos estudantes e a queda de luz em uma das apresenta\u00e7\u00f5es, que precisou ser cancelada. Para superar essas dificuldades, foram propostas a\u00e7\u00f5es de media\u00e7\u00e3o cultural, como o estudo pr\u00e9vio dos textos teatrais nas escolas e a articula\u00e7\u00e3o de conte\u00fados interdisciplinares relacionados \u00e0s pe\u00e7as.<\/p>\n<p>Al\u00e9m disso, o transporte, viabilizado pelo edital, foi um aspecto fundamental para o sucesso da iniciativa, garantindo acessibilidade e inclus\u00e3o para todos os participantes. As professoras respons\u00e1veis destacaram que a falta de recursos para deslocamento \u00e9 um dos principais obst\u00e1culos para a realiza\u00e7\u00e3o de atividades extracurriculares nas escolas.<\/p>\n<p><strong>Avalia\u00e7\u00e3o positiva<\/strong><\/p>\n<p>A experi\u00eancia foi avaliada de forma positiva pelos participantes, com destaque para o impacto da Mostra na forma\u00e7\u00e3o dos estudantes. Professores relataram que muitos alunos estiveram no teatro pela primeira vez, e o retorno foi motivador. A iniciativa tamb\u00e9m abriu caminho para futuras a\u00e7\u00f5es, com mais seis viagens previstas para mar\u00e7o de 2025.<\/p>\n<p>A Mostra de Teatro para Escolas refor\u00e7a o compromisso da UFPel com a extens\u00e3o universit\u00e1ria e a democratiza\u00e7\u00e3o do acesso \u00e0 cultura, contribuindo para a forma\u00e7\u00e3o integral dos estudantes e a integra\u00e7\u00e3o entre universidade e comunidade.<\/p>\n<p><strong>Equipe respons\u00e1vel:<\/strong><\/p>\n<p>Professoras elaboradoras do projeto: Prof\u00aa. Dr\u00aa. Vanessa Caldeira Leite, Prof\u00aa. Dr\u00aa. Andrisa Kemel Zanella, Prof\u00aa. Dr\u00aa. F\u00e1tima Yaska Antunes Silva.<\/p>\n<p>Professoras colaboradoras: Prof\u00aa. Dr\u00aa. Aline Castaman, Prof\u00aa. Dr\u00aa. Giselle Cecchini, Prof\u00aa. Dr\u00aa. Maria Am\u00e9lia Grimmler Netto, Prof\u00aa. Dr\u00aa. Fernanda Vieira Fernandes.<\/p>\n<p>Alunos: Discentes de diferentes semestres do Curso de Teatro\u00a0Licenciatura.<\/p>\n","protected":false},"excerpt":{"rendered":"<p>O projeto Mostra de Teatro para Escolas levou estudantes de escolas p\u00fablicas da cidade para viv\u00eancias culturais e art\u00edsticas no Centro de Artes da universidade, a a\u00e7\u00e3o ocorreu entre os dias 10 e 13 de dezembro de 2024. A iniciativa foi viabilizada por meio do Edital 06\/2024 da Pr\u00f3-Reitoria de Extens\u00e3o e Cultura (PREC), que [&hellip;]<\/p>\n","protected":false},"author":34,"featured_media":22127,"comment_status":"closed","ping_status":"closed","sticky":false,"template":"","format":"standard","meta":{"_jetpack_newsletter_access":"","_jetpack_dont_email_post_to_subs":false,"_jetpack_newsletter_tier_id":0,"_jetpack_memberships_contains_paywalled_content":false,"_jetpack_memberships_contains_paid_content":false,"footnotes":""},"categories":[44810,4],"tags":[],"class_list":["post-22110","post","type-post","status-publish","format-standard","has-post-thumbnail","hentry","category-destaques","category-noticias"],"jetpack_featured_media_url":"https:\/\/wp.ufpel.edu.br\/prec\/files\/2025\/02\/Cartaz.jpg","jetpack_sharing_enabled":true,"jetpack_shortlink":"https:\/\/wp.me\/p70d9s-5KC","_links":{"self":[{"href":"https:\/\/wp.ufpel.edu.br\/prec\/wp-json\/wp\/v2\/posts\/22110","targetHints":{"allow":["GET"]}}],"collection":[{"href":"https:\/\/wp.ufpel.edu.br\/prec\/wp-json\/wp\/v2\/posts"}],"about":[{"href":"https:\/\/wp.ufpel.edu.br\/prec\/wp-json\/wp\/v2\/types\/post"}],"author":[{"embeddable":true,"href":"https:\/\/wp.ufpel.edu.br\/prec\/wp-json\/wp\/v2\/users\/34"}],"replies":[{"embeddable":true,"href":"https:\/\/wp.ufpel.edu.br\/prec\/wp-json\/wp\/v2\/comments?post=22110"}],"version-history":[{"count":2,"href":"https:\/\/wp.ufpel.edu.br\/prec\/wp-json\/wp\/v2\/posts\/22110\/revisions"}],"predecessor-version":[{"id":22130,"href":"https:\/\/wp.ufpel.edu.br\/prec\/wp-json\/wp\/v2\/posts\/22110\/revisions\/22130"}],"wp:featuredmedia":[{"embeddable":true,"href":"https:\/\/wp.ufpel.edu.br\/prec\/wp-json\/wp\/v2\/media\/22127"}],"wp:attachment":[{"href":"https:\/\/wp.ufpel.edu.br\/prec\/wp-json\/wp\/v2\/media?parent=22110"}],"wp:term":[{"taxonomy":"category","embeddable":true,"href":"https:\/\/wp.ufpel.edu.br\/prec\/wp-json\/wp\/v2\/categories?post=22110"},{"taxonomy":"post_tag","embeddable":true,"href":"https:\/\/wp.ufpel.edu.br\/prec\/wp-json\/wp\/v2\/tags?post=22110"}],"curies":[{"name":"wp","href":"https:\/\/api.w.org\/{rel}","templated":true}]}}