{"id":2038,"date":"2013-11-21T17:47:24","date_gmt":"2013-11-21T19:47:24","guid":{"rendered":"https:\/\/wp.ufpel.edu.br\/prec\/?p=2038"},"modified":"2013-11-21T17:47:24","modified_gmt":"2013-11-21T19:47:24","slug":"curtas-do-curso-de-cinema-sao-atracao-no-quartas-no-lyceu","status":"publish","type":"post","link":"https:\/\/wp.ufpel.edu.br\/prec\/2013\/11\/21\/curtas-do-curso-de-cinema-sao-atracao-no-quartas-no-lyceu\/","title":{"rendered":"Curtas do curso de Cinema s\u00e3o atra\u00e7\u00e3o no Quartas no Lyceu"},"content":{"rendered":"<p style=\"text-align: left\" align=\"center\">A pr\u00f3xima edi\u00e7\u00e3o do projeto Quartas no Lyceu, pertencente ao m\u00f3dulo cinema, trar\u00e1 a produ\u00e7\u00e3o acad\u00eamica do curso de Cinema da UFPel. Ser\u00e3o exibidos quatro curta-metragens realizados pelos alunos concluintes em mar\u00e7o de 2013. A mostra ocorrer\u00e1 na pr\u00f3xima quarta-feira (27), \u00e0s 17h30, no Lyceu Rio-Grandense, localizado na Pra\u00e7a Sete de Julho, 180.\u00a0As produ\u00e7\u00f5es s\u00e3o os projetos de gradua\u00e7\u00e3o da segunda turma de formandos do ano de 2012. Al\u00e9m da m\u00e3o-de-obra dos pr\u00f3prios estudantes, tamb\u00e9m contaram com a parceria dos alunos do curso de Teatro da Universidade.<\/p>\n<p>\u00a0Confira as obras que estar\u00e3o em exibi\u00e7\u00e3o:<\/p>\n<p><b>\u00a0<\/b><b>ESTER (Fic\u00e7\u00e3o \u2013 Drama)<\/b><\/p>\n<p>No sul da Am\u00e9rica, o c\u00e9u azul de Pelotas acolhe universit\u00e1rios, vindos de todos os cantos do Brasil\u2026 Em alguns, a solid\u00e3o e a saudade tomam conta da alma e do cora\u00e7\u00e3o\u2026 Ester \u00e9 uma jovem acad\u00eamica de Arquitetura, faz parte dos chamados novos pelotenses, ela mora sozinha e passa por uma fase de introspec\u00e7\u00e3o, insatisfa\u00e7\u00e3o e solid\u00e3o\u2026 Mas \u00e9 s\u00f3 um momento \u2026 At\u00e9 sua estrela brilhar.<\/p>\n<p>Roteiro e Dire\u00e7\u00e3o: Mateus Gomes<\/p>\n<p>Dire\u00e7\u00e3o de Produ\u00e7\u00e3o: Nat\u00e1lia Cabral<\/p>\n<p>Dire\u00e7\u00e3o de Fotografia: Felipe Freitas<\/p>\n<p>Dire\u00e7\u00e3o de Arte e Figurino: Geisi Xavier<\/p>\n<p>Dire\u00e7\u00e3o de Som: Alan B\u00e1o<\/p>\n<p>Dire\u00e7\u00e3o de Atores: Vagner Vargas<\/p>\n<p>Edi\u00e7\u00e3o: Matheus Wagner<\/p>\n<p><b>DUAS CARAS (Fic\u00e7\u00e3o \u2013 Com\u00e9dia dramalh\u00e3o)<\/b><\/p>\n<p>Helena e M\u00f4nica eram melhores amigas, at\u00e9 que uma mostrasse para a outra as suas segundas faces.<\/p>\n<p>Roteiro e Dire\u00e7\u00e3o: Felipe Tapia<\/p>\n<p>Dire\u00e7\u00e3o de Produ\u00e7\u00e3o: Nat\u00e1lia Cabral<\/p>\n<p>Dire\u00e7\u00e3o de Arte e Figurino: Mateus Gomes<\/p>\n<p>Dire\u00e7\u00e3o de Fotografia: Robin Crepe<\/p>\n<p>Dire\u00e7\u00e3o de Som: Dhyan Diano<\/p>\n<p><b>\u00a0<\/b><b>ANCHIETA 815 (Document\u00e1rio \u2013 Observativo)<\/b><\/p>\n<p>Anchieta 815 \u00e9 um document\u00e1rio observativo que retrata o microcosmo de um espa\u00e7o habitacional na cidade de Pelotas.<\/p>\n<p>Realiza\u00e7\u00e3o coletiva: Jordana Coutinho, Guilherme da Luz, Gustavo Zanin, Eduardo Ribeiro e M\u00e1rcio Costa<\/p>\n<p>Argumento: Guilherme da Luz<\/p>\n<p>Dire\u00e7\u00e3o: Jordana Coutinho e Guilherme da Luz<\/p>\n<p>Produ\u00e7\u00e3o: Eduardo Ribeiro e Jornada Coutinho<\/p>\n<p>Dire\u00e7\u00e3o de Fotografia: Gustavo Zanin e M\u00e1rcio Costa<\/p>\n<p>Dire\u00e7\u00e3o de Som e Mixagem: Eduardo Ribeiro<\/p>\n<p>Dire\u00e7\u00e3o de Edi\u00e7\u00e3o: Jordana Coutinho, Guilherme da Luz, Gustavo Zanin, Eduardo Ribeiro e M\u00e1rcio Costa<\/p>\n<p><b>O FECHO \u00c9CLAIR (Fic\u00e7\u00e3o \u2013 Com\u00e9dia pastel\u00e3o)<\/b><\/p>\n<p>Numa tarde casual, Daniel, Douglas e Luis discutem sentados \u00e0 mesa de um estabelecimento qual seria a melhor maneira de se dirigir a uma menina sentada na mesa ao lado. Esta seria uma cena t\u00edpica entre os jovens de sua idade n\u00e3o fosse o motivo da discuss\u00e3o: eles querem avis\u00e1-la que o z\u00edper de sua cal\u00e7a est\u00e1 aberto.<\/p>\n<p>Dire\u00e7\u00e3o: Lucas Arizaga<\/p>\n<p>Roteiro: Eduardo Ribeiro<\/p>\n<p>Dire\u00e7\u00e3o de Fotografia: Daniela Lopes<\/p>\n<p>Dire\u00e7\u00e3o de Arte e Figurino: Leonardo Boursheid<\/p>\n<p>Assistente de Dire\u00e7\u00e3o: Isadora Ebersol<\/p>\n<p><a href=\"https:\/\/wp.ufpel.edu.br\/prec\/files\/2013\/11\/Ester-2.jpg\"><img class=\"alignnone size-medium wp-image-2039\" alt=\"DCIM100GOPRO\" src=\"https:\/\/wp.ufpel.edu.br\/prec\/files\/2013\/11\/Ester-2-300x225.jpg\" width=\"300\" height=\"225\" srcset=\"https:\/\/wp.ufpel.edu.br\/prec\/files\/2013\/11\/Ester-2-300x225.jpg 300w, https:\/\/wp.ufpel.edu.br\/prec\/files\/2013\/11\/Ester-2.jpg 1024w\" sizes=\"(max-width: 300px) 100vw, 300px\" \/><\/a><\/p>\n","protected":false},"excerpt":{"rendered":"<p>A pr\u00f3xima edi\u00e7\u00e3o do projeto Quartas no Lyceu, pertencente ao m\u00f3dulo cinema, trar\u00e1 a produ\u00e7\u00e3o acad\u00eamica do curso de Cinema da UFPel. Ser\u00e3o exibidos quatro curta-metragens realizados pelos alunos concluintes em mar\u00e7o de 2013. A mostra ocorrer\u00e1 na pr\u00f3xima quarta-feira (27), \u00e0s 17h30, no Lyceu Rio-Grandense, localizado na Pra\u00e7a Sete de Julho, 180.\u00a0As produ\u00e7\u00f5es s\u00e3o [&hellip;]<\/p>\n","protected":false},"author":34,"featured_media":0,"comment_status":"closed","ping_status":"closed","sticky":false,"template":"","format":"standard","meta":{"_jetpack_newsletter_access":"","_jetpack_dont_email_post_to_subs":false,"_jetpack_newsletter_tier_id":0,"_jetpack_memberships_contains_paywalled_content":false,"_jetpack_memberships_contains_paid_content":false,"footnotes":""},"categories":[4],"tags":[],"class_list":["post-2038","post","type-post","status-publish","format-standard","hentry","category-noticias"],"jetpack_featured_media_url":"","jetpack_sharing_enabled":true,"jetpack_shortlink":"https:\/\/wp.me\/p70d9s-wS","_links":{"self":[{"href":"https:\/\/wp.ufpel.edu.br\/prec\/wp-json\/wp\/v2\/posts\/2038","targetHints":{"allow":["GET"]}}],"collection":[{"href":"https:\/\/wp.ufpel.edu.br\/prec\/wp-json\/wp\/v2\/posts"}],"about":[{"href":"https:\/\/wp.ufpel.edu.br\/prec\/wp-json\/wp\/v2\/types\/post"}],"author":[{"embeddable":true,"href":"https:\/\/wp.ufpel.edu.br\/prec\/wp-json\/wp\/v2\/users\/34"}],"replies":[{"embeddable":true,"href":"https:\/\/wp.ufpel.edu.br\/prec\/wp-json\/wp\/v2\/comments?post=2038"}],"version-history":[{"count":2,"href":"https:\/\/wp.ufpel.edu.br\/prec\/wp-json\/wp\/v2\/posts\/2038\/revisions"}],"predecessor-version":[{"id":2041,"href":"https:\/\/wp.ufpel.edu.br\/prec\/wp-json\/wp\/v2\/posts\/2038\/revisions\/2041"}],"wp:attachment":[{"href":"https:\/\/wp.ufpel.edu.br\/prec\/wp-json\/wp\/v2\/media?parent=2038"}],"wp:term":[{"taxonomy":"category","embeddable":true,"href":"https:\/\/wp.ufpel.edu.br\/prec\/wp-json\/wp\/v2\/categories?post=2038"},{"taxonomy":"post_tag","embeddable":true,"href":"https:\/\/wp.ufpel.edu.br\/prec\/wp-json\/wp\/v2\/tags?post=2038"}],"curies":[{"name":"wp","href":"https:\/\/api.w.org\/{rel}","templated":true}]}}