{"id":10636,"date":"2018-12-21T18:39:26","date_gmt":"2018-12-21T20:39:26","guid":{"rendered":"https:\/\/wp.ufpel.edu.br\/prec\/?p=10636"},"modified":"2018-12-21T18:39:57","modified_gmt":"2018-12-21T20:39:57","slug":"primeiro-numero-de-2019-e-publicado","status":"publish","type":"post","link":"https:\/\/wp.ufpel.edu.br\/prec\/2018\/12\/21\/primeiro-numero-de-2019-e-publicado\/","title":{"rendered":"Primeiro n\u00famero de 2019 da revista Expressa Extens\u00e3o \u00e9 publicado"},"content":{"rendered":"<p><a href=\"https:\/\/wp.ufpel.edu.br\/prec\/files\/2018\/12\/capa.png\"><img class=\"alignleft wp-image-10638\" src=\"https:\/\/wp.ufpel.edu.br\/prec\/files\/2018\/12\/capa.png\" alt=\"\" width=\"154\" height=\"200\" srcset=\"https:\/\/wp.ufpel.edu.br\/prec\/files\/2018\/12\/capa.png 548w, https:\/\/wp.ufpel.edu.br\/prec\/files\/2018\/12\/capa-308x400.png 308w, https:\/\/wp.ufpel.edu.br\/prec\/files\/2018\/12\/capa-25x32.png 25w\" sizes=\"(max-width: 154px) 100vw, 154px\" \/><\/a><\/p>\n<p>A Revista Expressa Extens\u00e3o, publicada pela Pr\u00f3-Reitoria de Extens\u00e3o e Cultura, lan\u00e7a o primeiro n\u00famero de 2019, com o tema \u201cEduca\u00e7\u00e3o, Comunidade e Cultura Popular\u201d.<\/p>\n<p>A equipe editorial da Expressa Extens\u00e3o agradece aos colaboradores e anuncia que estar\u00e1 recebendo submiss\u00f5es para o v. 24, n.2 e n.3 de 2019, com as tem\u00e1ticas \u201cO Meio Ambiente e a Sociedade\u201d e &#8220;Desenvolvimento Regional&#8221;, respectivamente. Convidamos todos a participar das submiss\u00f5es, al\u00e9m de divulgar e compartilhar aos poss\u00edveis interessados(as).<\/p>\n<p><a href=\"https:\/\/periodicos.ufpel.edu.br\/ojs2\/index.php\/expressaextensao\/issue\/view\/779\">Acesse o n\u00famero da revista.<\/a><\/p>\n<p><!--more--><\/p>\n<p>No conjunto de textos reunidos neste terceiro n\u00famero da Expressa Extens\u00e3o encontra-se a disson\u00e2ncia entre o entendimento e a pr\u00e1tica extensionista da \u00e9poca em que Freire escreveu a obra e a da atualidade. Percebe-se na leitura dos conte\u00fados dos artigos que o conceito que baliza as a\u00e7\u00f5es aos quais se referem \u00e9 o que est\u00e1 presente no Plano Nacional de Extens\u00e3o Universit\u00e1ria e no texto da Resolu\u00e7\u00e3o que estabelece as diretrizes para a extens\u00e3o na educa\u00e7\u00e3o superior brasileira. S\u00e3o, de tal modo, textos que indicam a boa compreens\u00e3o das diretrizes extensionistas, que relatam viv\u00eancias exemplares e que valorizam, na apresenta\u00e7\u00e3o dos resultados, a intensidade da experi\u00eancia formativa que a extens\u00e3o promove para e com o estudante. Do mesmo modo, s\u00e3o conte\u00fados que evidenciam a presen\u00e7a das comunidades como agentes dos projetos e a\u00e7\u00f5es. Os relatos asseveram qua as comunidades j\u00e1 n\u00e3o s\u00e3o vistas e tratadas como os recebedores do conhecimento acad\u00eamico, mas s\u00e3o entendidas como o outro com quem se estabelece o di\u00e1logo. E \u00e9 por esse di\u00e1logo, que nem sempre ocorre apenas com palavras, que se revelam os condicionantes sociais e os aspectos culturais dos envolvidos. A esperada a\u00e7\u00e3o transformadora constr\u00f3i-se, portanto, na malha dos saberes que se articulam quando os acad\u00eamicos se deslocam ao encontro da realidade. E nessa realidade, a cultura \u00e9 um fio estruturante, tramado em todas as posi\u00e7\u00f5es da malha pelas vidas que participam do fluxo das a\u00e7\u00f5es.<\/p>\n","protected":false},"excerpt":{"rendered":"<p>A Revista Expressa Extens\u00e3o, publicada pela Pr\u00f3-Reitoria de Extens\u00e3o e Cultura, lan\u00e7a o primeiro n\u00famero de 2019, com o tema \u201cEduca\u00e7\u00e3o, Comunidade e Cultura Popular\u201d. A equipe editorial da Expressa Extens\u00e3o agradece aos colaboradores e anuncia que estar\u00e1 recebendo submiss\u00f5es para o v. 24, n.2 e n.3 de 2019, com as tem\u00e1ticas \u201cO Meio Ambiente [&hellip;]<\/p>\n","protected":false},"author":34,"featured_media":10638,"comment_status":"closed","ping_status":"closed","sticky":false,"template":"","format":"standard","meta":{"_jetpack_newsletter_access":"","_jetpack_dont_email_post_to_subs":false,"_jetpack_newsletter_tier_id":0,"_jetpack_memberships_contains_paywalled_content":false,"_jetpack_memberships_contains_paid_content":false,"footnotes":""},"categories":[44810],"tags":[],"class_list":["post-10636","post","type-post","status-publish","format-standard","has-post-thumbnail","hentry","category-destaques"],"jetpack_featured_media_url":"https:\/\/wp.ufpel.edu.br\/prec\/files\/2018\/12\/capa.png","jetpack_sharing_enabled":true,"jetpack_shortlink":"https:\/\/wp.me\/p70d9s-2Ly","_links":{"self":[{"href":"https:\/\/wp.ufpel.edu.br\/prec\/wp-json\/wp\/v2\/posts\/10636","targetHints":{"allow":["GET"]}}],"collection":[{"href":"https:\/\/wp.ufpel.edu.br\/prec\/wp-json\/wp\/v2\/posts"}],"about":[{"href":"https:\/\/wp.ufpel.edu.br\/prec\/wp-json\/wp\/v2\/types\/post"}],"author":[{"embeddable":true,"href":"https:\/\/wp.ufpel.edu.br\/prec\/wp-json\/wp\/v2\/users\/34"}],"replies":[{"embeddable":true,"href":"https:\/\/wp.ufpel.edu.br\/prec\/wp-json\/wp\/v2\/comments?post=10636"}],"version-history":[{"count":2,"href":"https:\/\/wp.ufpel.edu.br\/prec\/wp-json\/wp\/v2\/posts\/10636\/revisions"}],"predecessor-version":[{"id":10640,"href":"https:\/\/wp.ufpel.edu.br\/prec\/wp-json\/wp\/v2\/posts\/10636\/revisions\/10640"}],"wp:featuredmedia":[{"embeddable":true,"href":"https:\/\/wp.ufpel.edu.br\/prec\/wp-json\/wp\/v2\/media\/10638"}],"wp:attachment":[{"href":"https:\/\/wp.ufpel.edu.br\/prec\/wp-json\/wp\/v2\/media?parent=10636"}],"wp:term":[{"taxonomy":"category","embeddable":true,"href":"https:\/\/wp.ufpel.edu.br\/prec\/wp-json\/wp\/v2\/categories?post=10636"},{"taxonomy":"post_tag","embeddable":true,"href":"https:\/\/wp.ufpel.edu.br\/prec\/wp-json\/wp\/v2\/tags?post=10636"}],"curies":[{"name":"wp","href":"https:\/\/api.w.org\/{rel}","templated":true}]}}