{"id":10589,"date":"2018-12-11T14:18:14","date_gmt":"2018-12-11T16:18:14","guid":{"rendered":"https:\/\/wp.ufpel.edu.br\/prec\/?p=10589"},"modified":"2018-12-11T14:31:56","modified_gmt":"2018-12-11T16:31:56","slug":"meeting-of-styles-brasil-2018","status":"publish","type":"post","link":"https:\/\/wp.ufpel.edu.br\/prec\/2018\/12\/11\/meeting-of-styles-brasil-2018\/","title":{"rendered":"Meeting of Styles Brasil 2018"},"content":{"rendered":"<p><iframe title=\"Meeting of Styles Brasil 2018 - Pelotas (V\u00eddeo Oficial)\" width=\"500\" height=\"281\" src=\"https:\/\/www.youtube.com\/embed\/vAllFnyo594?feature=oembed\" frameborder=\"0\" allow=\"accelerometer; autoplay; clipboard-write; encrypted-media; gyroscope; picture-in-picture; web-share\" referrerpolicy=\"strict-origin-when-cross-origin\" allowfullscreen><\/iframe><\/p>\n<p>Como estrat\u00e9gia de continuidade da internacionaliza\u00e7\u00e3o da extens\u00e3o na UFPel, aconteceu, em Pelotas,\u00a0nos dias 24 e 25 de novembro, o Meeting of Styles Brasil 2018. Mais de 50 artistas convidados de v\u00e1rias partes do mundo trouxeram muita cor, m\u00fasica, dan\u00e7a e arte para o Porto da cidade.<\/p>\n<p>O Meeting Of Styles \u00e9 um evento internacional fundado em 1997 pelo alem\u00e3o Manuel Gerullis, em sua cidade natal, Wiesbaden, e hoje faz parte do calend\u00e1rio Mundial de arte com ativa\u00e7\u00f5es em diversos pa\u00edses, como Espanha, It\u00e1lia, Fran\u00e7a, Su\u00e9cia, Dinamarca, Finl\u00e2ndia, M\u00e9xico, Estados Unidos, Brasil, dentre outros.<\/p>\n","protected":false},"excerpt":{"rendered":"<p>Como estrat\u00e9gia de continuidade da internacionaliza\u00e7\u00e3o da extens\u00e3o na UFPel, aconteceu, em Pelotas,\u00a0nos dias 24 e 25 de novembro, o Meeting of Styles Brasil 2018. Mais de 50 artistas convidados de v\u00e1rias partes do mundo trouxeram muita cor, m\u00fasica, dan\u00e7a e arte para o Porto da cidade. O Meeting Of Styles \u00e9 um evento internacional [&hellip;]<\/p>\n","protected":false},"author":34,"featured_media":0,"comment_status":"closed","ping_status":"closed","sticky":false,"template":"","format":"standard","meta":{"_jetpack_newsletter_access":"","_jetpack_dont_email_post_to_subs":false,"_jetpack_newsletter_tier_id":0,"_jetpack_memberships_contains_paywalled_content":false,"_jetpack_memberships_contains_paid_content":false,"footnotes":""},"categories":[4],"tags":[],"class_list":["post-10589","post","type-post","status-publish","format-standard","hentry","category-noticias"],"jetpack_featured_media_url":"","jetpack_sharing_enabled":true,"jetpack_shortlink":"https:\/\/wp.me\/p70d9s-2KN","_links":{"self":[{"href":"https:\/\/wp.ufpel.edu.br\/prec\/wp-json\/wp\/v2\/posts\/10589","targetHints":{"allow":["GET"]}}],"collection":[{"href":"https:\/\/wp.ufpel.edu.br\/prec\/wp-json\/wp\/v2\/posts"}],"about":[{"href":"https:\/\/wp.ufpel.edu.br\/prec\/wp-json\/wp\/v2\/types\/post"}],"author":[{"embeddable":true,"href":"https:\/\/wp.ufpel.edu.br\/prec\/wp-json\/wp\/v2\/users\/34"}],"replies":[{"embeddable":true,"href":"https:\/\/wp.ufpel.edu.br\/prec\/wp-json\/wp\/v2\/comments?post=10589"}],"version-history":[{"count":6,"href":"https:\/\/wp.ufpel.edu.br\/prec\/wp-json\/wp\/v2\/posts\/10589\/revisions"}],"predecessor-version":[{"id":10600,"href":"https:\/\/wp.ufpel.edu.br\/prec\/wp-json\/wp\/v2\/posts\/10589\/revisions\/10600"}],"wp:attachment":[{"href":"https:\/\/wp.ufpel.edu.br\/prec\/wp-json\/wp\/v2\/media?parent=10589"}],"wp:term":[{"taxonomy":"category","embeddable":true,"href":"https:\/\/wp.ufpel.edu.br\/prec\/wp-json\/wp\/v2\/categories?post=10589"},{"taxonomy":"post_tag","embeddable":true,"href":"https:\/\/wp.ufpel.edu.br\/prec\/wp-json\/wp\/v2\/tags?post=10589"}],"curies":[{"name":"wp","href":"https:\/\/api.w.org\/{rel}","templated":true}]}}