{"id":10517,"date":"2018-11-28T12:06:22","date_gmt":"2018-11-28T14:06:22","guid":{"rendered":"https:\/\/wp.ufpel.edu.br\/prec\/?p=10517"},"modified":"2018-11-28T12:54:23","modified_gmt":"2018-11-28T14:54:23","slug":"10517","status":"publish","type":"post","link":"https:\/\/wp.ufpel.edu.br\/prec\/2018\/11\/28\/10517\/","title":{"rendered":"Espet\u00e1culo Solos Humanos"},"content":{"rendered":"<p><a href=\"https:\/\/wp.ufpel.edu.br\/prec\/files\/2018\/11\/teatroufpel.jpg\"><img class=\"alignleft size-full wp-image-10529\" src=\"https:\/\/wp.ufpel.edu.br\/prec\/files\/2018\/11\/teatroufpel.jpg\" alt=\"\" width=\"200\" height=\"200\" srcset=\"https:\/\/wp.ufpel.edu.br\/prec\/files\/2018\/11\/teatroufpel.jpg 200w, https:\/\/wp.ufpel.edu.br\/prec\/files\/2018\/11\/teatroufpel-32x32.jpg 32w\" sizes=\"(max-width: 200px) 100vw, 200px\" \/><\/a><\/p>\n<p>O N\u00facleo de Teatro da UFPel apresenta nesta quarta-feira, dia 28, e na pr\u00f3xima sexta-feira, dia 30, os solos MULHER e HOMEM NEGRO, criados por Evelin Suchard e Denilson Ferreira, com orienta\u00e7\u00e3o de Daniel Furtado. MULHER \u00e9 baseado no texto &#8220;100 coment\u00e1rios machistas&#8221; de R\u00f4 de La Torre, e HOMEM NEGRO parte das can\u00e7\u00f5es &#8220;Crime B\u00e1rbaro&#8221; (Rincon Sapi\u00eancia) e &#8220;Cota n\u00e3o \u00e9 esmola&#8221; (Bia Ferreira). Os solos fazem parte da despedida do N\u00facleo do espa\u00e7o da rua Andrade Neves, casa que sediou o N\u00facleo nos \u00faltimos 08 anos.\u00a0As senhas ser\u00e3o distribu\u00eddas meia hora antes do espet\u00e1culo.<\/p>\n<p><strong>Data:<\/strong> dia 28 e 30 de novembro, \u00e0s 20h<br \/>\n<strong>Local<\/strong>: sede do N\u00facleo, rua Andrade Neves, 1149<\/p>\n","protected":false},"excerpt":{"rendered":"<p>O N\u00facleo de Teatro da UFPel apresenta nesta quarta-feira, dia 28, e na pr\u00f3xima sexta-feira, dia 30, os solos MULHER e HOMEM NEGRO, criados por Evelin Suchard e Denilson Ferreira, com orienta\u00e7\u00e3o de Daniel Furtado. MULHER \u00e9 baseado no texto &#8220;100 coment\u00e1rios machistas&#8221; de R\u00f4 de La Torre, e HOMEM NEGRO parte das can\u00e7\u00f5es &#8220;Crime [&hellip;]<\/p>\n","protected":false},"author":34,"featured_media":0,"comment_status":"closed","ping_status":"closed","sticky":false,"template":"","format":"standard","meta":{"_jetpack_newsletter_access":"","_jetpack_dont_email_post_to_subs":false,"_jetpack_newsletter_tier_id":0,"_jetpack_memberships_contains_paywalled_content":false,"_jetpack_memberships_contains_paid_content":false,"footnotes":""},"categories":[4],"tags":[],"class_list":["post-10517","post","type-post","status-publish","format-standard","hentry","category-noticias"],"jetpack_featured_media_url":"","jetpack_sharing_enabled":true,"jetpack_shortlink":"https:\/\/wp.me\/s70d9s-10517","_links":{"self":[{"href":"https:\/\/wp.ufpel.edu.br\/prec\/wp-json\/wp\/v2\/posts\/10517","targetHints":{"allow":["GET"]}}],"collection":[{"href":"https:\/\/wp.ufpel.edu.br\/prec\/wp-json\/wp\/v2\/posts"}],"about":[{"href":"https:\/\/wp.ufpel.edu.br\/prec\/wp-json\/wp\/v2\/types\/post"}],"author":[{"embeddable":true,"href":"https:\/\/wp.ufpel.edu.br\/prec\/wp-json\/wp\/v2\/users\/34"}],"replies":[{"embeddable":true,"href":"https:\/\/wp.ufpel.edu.br\/prec\/wp-json\/wp\/v2\/comments?post=10517"}],"version-history":[{"count":9,"href":"https:\/\/wp.ufpel.edu.br\/prec\/wp-json\/wp\/v2\/posts\/10517\/revisions"}],"predecessor-version":[{"id":10530,"href":"https:\/\/wp.ufpel.edu.br\/prec\/wp-json\/wp\/v2\/posts\/10517\/revisions\/10530"}],"wp:attachment":[{"href":"https:\/\/wp.ufpel.edu.br\/prec\/wp-json\/wp\/v2\/media?parent=10517"}],"wp:term":[{"taxonomy":"category","embeddable":true,"href":"https:\/\/wp.ufpel.edu.br\/prec\/wp-json\/wp\/v2\/categories?post=10517"},{"taxonomy":"post_tag","embeddable":true,"href":"https:\/\/wp.ufpel.edu.br\/prec\/wp-json\/wp\/v2\/tags?post=10517"}],"curies":[{"name":"wp","href":"https:\/\/api.w.org\/{rel}","templated":true}]}}