{"id":10135,"date":"2018-10-29T15:27:40","date_gmt":"2018-10-29T18:27:40","guid":{"rendered":"https:\/\/wp.ufpel.edu.br\/prec\/?p=10135"},"modified":"2018-11-01T17:14:38","modified_gmt":"2018-11-01T20:14:38","slug":"guarani-mbya-acoes-e-experiencias-contemporaneas","status":"publish","type":"post","link":"https:\/\/wp.ufpel.edu.br\/prec\/2018\/10\/29\/guarani-mbya-acoes-e-experiencias-contemporaneas\/","title":{"rendered":"Guarani Mby\u00e1: a\u00e7\u00f5es e experi\u00eancias contempor\u00e2neas"},"content":{"rendered":"<p><a href=\"https:\/\/wp.ufpel.edu.br\/prec\/files\/2018\/10\/Mbya.jpg\"><img class=\"alignleft size-full wp-image-10337\" src=\"https:\/\/wp.ufpel.edu.br\/prec\/files\/2018\/10\/Mbya.jpg\" alt=\"\" width=\"200\" height=\"200\" \/><\/a>Acontece nos dias 30 e 31 de outubro e 1\u00ba de novembro, na Biblioteca P\u00fablica Pelotense, o Semin\u00e1rio\u00a0<strong>Guarani Mby\u00e1: a\u00e7\u00f5es e experi\u00eancias contempor\u00e2neas<\/strong>, o qual dar\u00e1 in\u00edcio \u00e0 <strong>exposi\u00e7\u00e3o fotogr\u00e1fica Os Guarani Mby\u00e1<\/strong>. O evento contar\u00e1 com mesas com temas sobre Est\u00e9tica, Canto e M\u00fasica Guarani, e A tem\u00e1tica ind\u00edgena na escola, por exemplo. A Exposi\u00e7\u00e3o Fotogr\u00e1fica acontecer\u00e1 entre 30 de outubro e 08 de dezembro, no Museu do Doce.<\/p>\n<p><strong>Data<\/strong>: 30 de outubro a 08 de dezembro.<br \/>\n<strong>Locais<\/strong>: Biblioteca P\u00fablica Pelotense\u00a0(Pra\u00e7a Cel. Pedro Os\u00f3rio, 103) e Museu do Doce, Casar\u00e3o 8 (Pra\u00e7a Cel. Pedro Os\u00f3rio)<\/p>\n<p><!--more--><\/p>\n<p>Confira a programa\u00e7\u00e3o completa das mesas no material de divulga\u00e7\u00e3o abaixo.<\/p>\n<p>&nbsp;<\/p>\n<p><img class=\"aligncenter wp-image-10137 size-full\" src=\"https:\/\/wp.ufpel.edu.br\/prec\/files\/2018\/09\/DIVULGA\u00c7\u00c3O-EVENTO-vers\u00e3o-web.jpg\" alt=\"\" width=\"2604\" height=\"3508\" srcset=\"https:\/\/wp.ufpel.edu.br\/prec\/files\/2018\/09\/DIVULGA\u00c7\u00c3O-EVENTO-vers\u00e3o-web.jpg 2604w, https:\/\/wp.ufpel.edu.br\/prec\/files\/2018\/09\/DIVULGA\u00c7\u00c3O-EVENTO-vers\u00e3o-web-297x400.jpg 297w, https:\/\/wp.ufpel.edu.br\/prec\/files\/2018\/09\/DIVULGA\u00c7\u00c3O-EVENTO-vers\u00e3o-web-768x1035.jpg 768w, https:\/\/wp.ufpel.edu.br\/prec\/files\/2018\/09\/DIVULGA\u00c7\u00c3O-EVENTO-vers\u00e3o-web-760x1024.jpg 760w\" sizes=\"(max-width: 2604px) 100vw, 2604px\" \/><\/p>\n","protected":false},"excerpt":{"rendered":"<p>Acontece nos dias 30 e 31 de outubro e 1\u00ba de novembro, na Biblioteca P\u00fablica Pelotense, o Semin\u00e1rio\u00a0Guarani Mby\u00e1: a\u00e7\u00f5es e experi\u00eancias contempor\u00e2neas, o qual dar\u00e1 in\u00edcio \u00e0 exposi\u00e7\u00e3o fotogr\u00e1fica Os Guarani Mby\u00e1. O evento contar\u00e1 com mesas com temas sobre Est\u00e9tica, Canto e M\u00fasica Guarani, e A tem\u00e1tica ind\u00edgena na escola, por exemplo. A [&hellip;]<\/p>\n","protected":false},"author":34,"featured_media":0,"comment_status":"closed","ping_status":"closed","sticky":false,"template":"","format":"standard","meta":{"_jetpack_newsletter_access":"","_jetpack_dont_email_post_to_subs":false,"_jetpack_newsletter_tier_id":0,"_jetpack_memberships_contains_paywalled_content":false,"_jetpack_memberships_contains_paid_content":false,"footnotes":""},"categories":[4],"tags":[],"class_list":["post-10135","post","type-post","status-publish","format-standard","hentry","category-noticias"],"jetpack_featured_media_url":"","jetpack_sharing_enabled":true,"jetpack_shortlink":"https:\/\/wp.me\/p70d9s-2Dt","_links":{"self":[{"href":"https:\/\/wp.ufpel.edu.br\/prec\/wp-json\/wp\/v2\/posts\/10135","targetHints":{"allow":["GET"]}}],"collection":[{"href":"https:\/\/wp.ufpel.edu.br\/prec\/wp-json\/wp\/v2\/posts"}],"about":[{"href":"https:\/\/wp.ufpel.edu.br\/prec\/wp-json\/wp\/v2\/types\/post"}],"author":[{"embeddable":true,"href":"https:\/\/wp.ufpel.edu.br\/prec\/wp-json\/wp\/v2\/users\/34"}],"replies":[{"embeddable":true,"href":"https:\/\/wp.ufpel.edu.br\/prec\/wp-json\/wp\/v2\/comments?post=10135"}],"version-history":[{"count":7,"href":"https:\/\/wp.ufpel.edu.br\/prec\/wp-json\/wp\/v2\/posts\/10135\/revisions"}],"predecessor-version":[{"id":10338,"href":"https:\/\/wp.ufpel.edu.br\/prec\/wp-json\/wp\/v2\/posts\/10135\/revisions\/10338"}],"wp:attachment":[{"href":"https:\/\/wp.ufpel.edu.br\/prec\/wp-json\/wp\/v2\/media?parent=10135"}],"wp:term":[{"taxonomy":"category","embeddable":true,"href":"https:\/\/wp.ufpel.edu.br\/prec\/wp-json\/wp\/v2\/categories?post=10135"},{"taxonomy":"post_tag","embeddable":true,"href":"https:\/\/wp.ufpel.edu.br\/prec\/wp-json\/wp\/v2\/tags?post=10135"}],"curies":[{"name":"wp","href":"https:\/\/api.w.org\/{rel}","templated":true}]}}