{"id":9603,"date":"2026-09-02T17:21:10","date_gmt":"2026-09-02T20:21:10","guid":{"rendered":"https:\/\/wp.ufpel.edu.br\/pre\/?p=9603"},"modified":"2026-09-02T17:21:10","modified_gmt":"2026-09-02T20:21:10","slug":"ufpel-publica-edital-no-02-2026-para-saneamento-de-propostas-e-aproveitamento-de-saldo-de-transporte-institucional","status":"publish","type":"post","link":"https:\/\/wp.ufpel.edu.br\/pre\/2026\/09\/02\/ufpel-publica-edital-no-02-2026-para-saneamento-de-propostas-e-aproveitamento-de-saldo-de-transporte-institucional\/","title":{"rendered":"UFPel publica Edital n\u00ba 02\/2026 para saneamento de propostas e aproveitamento de saldo de transporte institucional"},"content":{"rendered":"<p>&nbsp;<\/p>\n<p>A Universidade Federal de Pelotas, por meio de a\u00e7\u00e3o articulada entre o Gabinete da Vice-Reitoria (GVR), a Pr\u00f3-Reitoria de Ensino (PRE), a Pr\u00f3-Reitoria de Pesquisa e P\u00f3s-Gradua\u00e7\u00e3o (PRPPG) e a Pr\u00f3-Reitoria de Extens\u00e3o e Cultura (PREC), torna p\u00fablico o <strong>Edital n\u00ba 02\/2026<\/strong> (<strong>Processo SEI n\u00ba 23110.022619\/2026-71<\/strong>).<\/p>\n<p>A iniciativa estabelece procedimento extraordin\u00e1rio voltado ao saneamento e \u00e0 rean\u00e1lise de propostas de transporte institucional terrestre apresentadas nos editais de sele\u00e7\u00e3o de demandas de 2026, com o objetivo de otimizar o uso da quilometragem residual apurada nos contratos de fretamento vigentes.<\/p>\n<p>O procedimento contempla demandas destinadas a atividades externas de ensino de gradua\u00e7\u00e3o e p\u00f3s-gradua\u00e7\u00e3o, a\u00e7\u00f5es de extens\u00e3o e participa\u00e7\u00e3o em eventos acad\u00eamicos que tenham sido inabilitadas ou indeferidas anteriormente por pend\u00eancias formais, documentais ou administrativas pass\u00edveis de corre\u00e7\u00e3o, desde que preservados o objeto, a finalidade e a viabilidade de execu\u00e7\u00e3o no exerc\u00edcio de 2026.<\/p>\n<p>Orienta\u00e7\u00f5es para as Unidades e Proponentes:<br \/>\nAs unidades acad\u00eamicas e administrativas que possuem propostas indeferidas enquadradas nas regras do certame devem realizar o saneamento diretamente no processo SEI origin\u00e1rio da solicita\u00e7\u00e3o, mediante juntada de manifesta\u00e7\u00e3o e dos documentos pendentes. N\u00e3o ser\u00e3o aceitas novas demandas ou modifica\u00e7\u00f5es substanciais do objeto originalmente solicitado.<\/p>\n<p><strong>Cronograma do Edital n\u00ba 02\/2026<\/strong>:<br \/>\nPer\u00edodo de solicita\u00e7\u00e3o de saneamento e juntada documental: <strong>de 02 a 09 de setembro de 2026<\/strong>.<br \/>\nAn\u00e1lise das solicita\u00e7\u00f5es e divulga\u00e7\u00e3o do resultado preliminar: <strong>10 de setembro de 2026<\/strong>.<br \/>\nPrazo recursal: <strong>conforme cronograma do edital<\/strong>.<br \/>\nDivulga\u00e7\u00e3o do resultado final: <strong>11 de setembro de 2026<\/strong>.<br \/>\nPer\u00edodo de execu\u00e7\u00e3o das viagens: <strong>da publica\u00e7\u00e3o do resultado final at\u00e9 31 de dezembro de 2026<\/strong>.<\/p>\n<p>Para consultar o edital na \u00edntegra e acompanhar as orienta\u00e7\u00f5es normativas, acesse o <strong>Processo SEI n\u00ba 23110.022619\/2026-71<\/strong><\/p>\n","protected":false},"excerpt":{"rendered":"<p>&nbsp; A Universidade Federal de Pelotas, por meio de a\u00e7\u00e3o articulada entre o Gabinete da Vice-Reitoria (GVR), a Pr\u00f3-Reitoria de Ensino (PRE), a Pr\u00f3-Reitoria de Pesquisa e P\u00f3s-Gradua\u00e7\u00e3o (PRPPG) e a Pr\u00f3-Reitoria de Extens\u00e3o e Cultura (PREC), torna p\u00fablico o Edital n\u00ba 02\/2026 (Processo SEI n\u00ba 23110.022619\/2026-71). A iniciativa estabelece procedimento extraordin\u00e1rio voltado ao saneamento [&hellip;]<\/p>\n","protected":false},"author":174,"featured_media":0,"comment_status":"closed","ping_status":"closed","sticky":false,"template":"","format":"standard","meta":{"_jetpack_newsletter_access":"","_jetpack_dont_email_post_to_subs":false,"_jetpack_newsletter_tier_id":0,"_jetpack_memberships_contains_paywalled_content":false,"_jetpack_feature_clip_id":0,"_jetpack_memberships_contains_paid_content":false,"footnotes":"","jetpack_publicize_message":"","jetpack_publicize_feature_enabled":true,"jetpack_social_post_already_shared":true,"jetpack_social_options":{"image_generator_settings":{"template":"highway","default_image_id":0,"font":"","enabled":false},"version":2},"jetpack_post_was_ever_published":false,"_links_to":"","_links_to_target":""},"categories":[18],"tags":[],"class_list":["post-9603","post","type-post","status-publish","format-standard","hentry","category-noticias"],"jetpack_publicize_connections":[],"jetpack_featured_media_url":"","jetpack_sharing_enabled":true,"_links":{"self":[{"href":"https:\/\/wp.ufpel.edu.br\/pre\/wp-json\/wp\/v2\/posts\/9603","targetHints":{"allow":["GET"]}}],"collection":[{"href":"https:\/\/wp.ufpel.edu.br\/pre\/wp-json\/wp\/v2\/posts"}],"about":[{"href":"https:\/\/wp.ufpel.edu.br\/pre\/wp-json\/wp\/v2\/types\/post"}],"author":[{"embeddable":true,"href":"https:\/\/wp.ufpel.edu.br\/pre\/wp-json\/wp\/v2\/users\/174"}],"replies":[{"embeddable":true,"href":"https:\/\/wp.ufpel.edu.br\/pre\/wp-json\/wp\/v2\/comments?post=9603"}],"version-history":[{"count":1,"href":"https:\/\/wp.ufpel.edu.br\/pre\/wp-json\/wp\/v2\/posts\/9603\/revisions"}],"predecessor-version":[{"id":9604,"href":"https:\/\/wp.ufpel.edu.br\/pre\/wp-json\/wp\/v2\/posts\/9603\/revisions\/9604"}],"wp:attachment":[{"href":"https:\/\/wp.ufpel.edu.br\/pre\/wp-json\/wp\/v2\/media?parent=9603"}],"wp:term":[{"taxonomy":"category","embeddable":true,"href":"https:\/\/wp.ufpel.edu.br\/pre\/wp-json\/wp\/v2\/categories?post=9603"},{"taxonomy":"post_tag","embeddable":true,"href":"https:\/\/wp.ufpel.edu.br\/pre\/wp-json\/wp\/v2\/tags?post=9603"}],"curies":[{"name":"wp","href":"https:\/\/api.w.org\/{rel}","templated":true}]}}