{"id":9217,"date":"2026-03-26T08:43:33","date_gmt":"2026-03-26T11:43:33","guid":{"rendered":"https:\/\/wp.ufpel.edu.br\/pre\/?p=9217"},"modified":"2026-04-01T10:17:32","modified_gmt":"2026-04-01T13:17:32","slug":"pet-pedagogia-seleciona-bolsistas-4","status":"publish","type":"post","link":"https:\/\/wp.ufpel.edu.br\/pre\/2026\/03\/26\/pet-pedagogia-seleciona-bolsistas-4\/","title":{"rendered":"PET Pedagogia seleciona bolsistas"},"content":{"rendered":"<p>O grupo Pedagogia do Programa de Educa\u00e7\u00e3o Tutorial (PET) da UFPel torna p\u00fablico o lan\u00e7amento de edital de processo seletivo para preenchimento de 02 (duas) vagas para bolsistas.<\/p>\n<p>As inscri\u00e7\u00f5es estar\u00e3o abertas at\u00e9 o dia 05 de abril de 2026.<\/p>\n<p>Para mais informa\u00e7\u00f5es sobre o processo seletivo, acesse:<\/p>\n<p><span style=\"color: #0000ff;\"><a style=\"color: #0000ff;\" href=\"https:\/\/wp.ufpel.edu.br\/pre\/files\/2026\/03\/EDITAL-SELECAO-BOLSISTAS-MARCO-2026.pdf\">Edital PET Pedagogia UFPel n\u00ba 01\/2026<\/a><\/span><\/p>\n<p><span style=\"color: #0000ff;\"><a style=\"color: #0000ff;\" href=\"https:\/\/wp.ufpel.edu.br\/pre\/files\/2026\/03\/PRORROGACAO_EDITAL_DE_MARCO_2026_docx.docx_assinado.pdf\">Prorroga\u00e7\u00e3o de Inscri\u00e7\u00f5es Edital 01\/2026<\/a><\/span><\/p>\n","protected":false},"excerpt":{"rendered":"<p>O grupo Pedagogia do Programa de Educa\u00e7\u00e3o Tutorial (PET) da UFPel torna p\u00fablico o lan\u00e7amento de edital de processo seletivo para preenchimento de 02 (duas) vagas para bolsistas. As inscri\u00e7\u00f5es estar\u00e3o abertas at\u00e9 o dia 05 de abril de 2026. Para mais informa\u00e7\u00f5es sobre o processo seletivo, acesse: Edital PET Pedagogia UFPel n\u00ba 01\/2026 Prorroga\u00e7\u00e3o [&hellip;]<\/p>\n","protected":false},"author":174,"featured_media":0,"comment_status":"closed","ping_status":"closed","sticky":false,"template":"","format":"standard","meta":{"jetpack_post_was_ever_published":false,"_jetpack_newsletter_access":"","_jetpack_dont_email_post_to_subs":false,"_jetpack_newsletter_tier_id":0,"_jetpack_memberships_contains_paywalled_content":false,"_jetpack_memberships_contains_paid_content":false,"footnotes":"","jetpack_publicize_message":"","jetpack_publicize_feature_enabled":true,"jetpack_social_post_already_shared":true,"jetpack_social_options":{"image_generator_settings":{"template":"highway","default_image_id":0,"font":"","enabled":false},"version":2},"_links_to":"","_links_to_target":""},"categories":[69091,18],"tags":[],"class_list":["post-9217","post","type-post","status-publish","format-standard","hentry","category-manchete","category-noticias"],"jetpack_publicize_connections":[],"jetpack_featured_media_url":"","jetpack_sharing_enabled":true,"_links":{"self":[{"href":"https:\/\/wp.ufpel.edu.br\/pre\/wp-json\/wp\/v2\/posts\/9217","targetHints":{"allow":["GET"]}}],"collection":[{"href":"https:\/\/wp.ufpel.edu.br\/pre\/wp-json\/wp\/v2\/posts"}],"about":[{"href":"https:\/\/wp.ufpel.edu.br\/pre\/wp-json\/wp\/v2\/types\/post"}],"author":[{"embeddable":true,"href":"https:\/\/wp.ufpel.edu.br\/pre\/wp-json\/wp\/v2\/users\/174"}],"replies":[{"embeddable":true,"href":"https:\/\/wp.ufpel.edu.br\/pre\/wp-json\/wp\/v2\/comments?post=9217"}],"version-history":[{"count":3,"href":"https:\/\/wp.ufpel.edu.br\/pre\/wp-json\/wp\/v2\/posts\/9217\/revisions"}],"predecessor-version":[{"id":9245,"href":"https:\/\/wp.ufpel.edu.br\/pre\/wp-json\/wp\/v2\/posts\/9217\/revisions\/9245"}],"wp:attachment":[{"href":"https:\/\/wp.ufpel.edu.br\/pre\/wp-json\/wp\/v2\/media?parent=9217"}],"wp:term":[{"taxonomy":"category","embeddable":true,"href":"https:\/\/wp.ufpel.edu.br\/pre\/wp-json\/wp\/v2\/categories?post=9217"},{"taxonomy":"post_tag","embeddable":true,"href":"https:\/\/wp.ufpel.edu.br\/pre\/wp-json\/wp\/v2\/tags?post=9217"}],"curies":[{"name":"wp","href":"https:\/\/api.w.org\/{rel}","templated":true}]}}