{"id":9102,"date":"2026-02-09T16:27:32","date_gmt":"2026-02-09T19:27:32","guid":{"rendered":"https:\/\/wp.ufpel.edu.br\/pre\/?p=9102"},"modified":"2026-02-19T11:08:37","modified_gmt":"2026-02-19T14:08:37","slug":"pre-divulga-editais-para-bolsas-em-projetos-com-enfase-em-ensino-de-2026","status":"publish","type":"post","link":"https:\/\/wp.ufpel.edu.br\/pre\/2026\/02\/09\/pre-divulga-editais-para-bolsas-em-projetos-com-enfase-em-ensino-de-2026\/","title":{"rendered":"PRE divulga Editais para bolsas em Projetos com \u00eanfase em ensino de 2026"},"content":{"rendered":"<p>A Pr\u00f3-Reitoria de Ensino, atrav\u00e9s do N\u00facleo de Programas e Projetos, informa que est\u00e1 realizando processo seletivo voltado para projetos com \u00eanfase em ensino a serem contemplados com cota de bolsa de inicia\u00e7\u00e3o ao ensino. As bolsas ter\u00e3o dura\u00e7\u00e3o de 08 de abril a 30 de novembro de 2025.<\/p>\n<p>As inscri\u00e7\u00f5es estar\u00e3o abertas no per\u00edodo de\u00a0<strong>09 de fevereiro a 11 de mar\u00e7o<\/strong>, exclusivamente por meio do sistema COBALTO, atrav\u00e9s do Menu:\u00a0<strong><em>Bolsas \u2013 Cadastros \u2013 Solicita\u00e7\u00e3o<\/em>.\u00a0\u00a0<\/strong><\/p>\n<p>Acesse a \u00edntegra dos Editais para maiores informa\u00e7\u00f5es:<\/p>\n<ul>\n<li><a href=\"https:\/\/wp.ufpel.edu.br\/pre\/files\/2026\/02\/SEI_3640666_Edital_03_2026.pdf\">Edital N\u00ba 03\/2026 \u2013 Bolsas de Projeto com \u00canfase em Ensino \u2013 Ampla Concorr\u00eancia (AC)<\/a><\/li>\n<\/ul>\n<ul>\n<li><a href=\"https:\/\/wp.ufpel.edu.br\/pre\/files\/2026\/02\/SEI_3644082_Edital_04_2026.pdf\">Edital N\u00ba 04\/2026 \u2013 Bolsas de Projeto com \u00canfase em Ensino \u2013 A\u00e7\u00f5es Afirmativas (AF)<\/a><\/li>\n<\/ul>\n","protected":false},"excerpt":{"rendered":"<p>A Pr\u00f3-Reitoria de Ensino, atrav\u00e9s do N\u00facleo de Programas e Projetos, informa que est\u00e1 realizando processo seletivo voltado para projetos com \u00eanfase em ensino a serem contemplados com cota de bolsa de inicia\u00e7\u00e3o ao ensino. As bolsas ter\u00e3o dura\u00e7\u00e3o de 08 de abril a 30 de novembro de 2025. As inscri\u00e7\u00f5es estar\u00e3o abertas no per\u00edodo [&hellip;]<\/p>\n","protected":false},"author":174,"featured_media":0,"comment_status":"closed","ping_status":"closed","sticky":false,"template":"","format":"standard","meta":{"jetpack_post_was_ever_published":false,"_jetpack_newsletter_access":"","_jetpack_dont_email_post_to_subs":false,"_jetpack_newsletter_tier_id":0,"_jetpack_memberships_contains_paywalled_content":false,"_jetpack_memberships_contains_paid_content":false,"footnotes":"","jetpack_publicize_message":"","jetpack_publicize_feature_enabled":true,"jetpack_social_post_already_shared":true,"jetpack_social_options":{"image_generator_settings":{"template":"highway","default_image_id":0,"font":"","enabled":false},"version":2},"_links_to":"","_links_to_target":""},"categories":[69091,18],"tags":[],"class_list":["post-9102","post","type-post","status-publish","format-standard","hentry","category-manchete","category-noticias"],"jetpack_publicize_connections":[],"jetpack_featured_media_url":"","jetpack_sharing_enabled":true,"_links":{"self":[{"href":"https:\/\/wp.ufpel.edu.br\/pre\/wp-json\/wp\/v2\/posts\/9102","targetHints":{"allow":["GET"]}}],"collection":[{"href":"https:\/\/wp.ufpel.edu.br\/pre\/wp-json\/wp\/v2\/posts"}],"about":[{"href":"https:\/\/wp.ufpel.edu.br\/pre\/wp-json\/wp\/v2\/types\/post"}],"author":[{"embeddable":true,"href":"https:\/\/wp.ufpel.edu.br\/pre\/wp-json\/wp\/v2\/users\/174"}],"replies":[{"embeddable":true,"href":"https:\/\/wp.ufpel.edu.br\/pre\/wp-json\/wp\/v2\/comments?post=9102"}],"version-history":[{"count":2,"href":"https:\/\/wp.ufpel.edu.br\/pre\/wp-json\/wp\/v2\/posts\/9102\/revisions"}],"predecessor-version":[{"id":9104,"href":"https:\/\/wp.ufpel.edu.br\/pre\/wp-json\/wp\/v2\/posts\/9102\/revisions\/9104"}],"wp:attachment":[{"href":"https:\/\/wp.ufpel.edu.br\/pre\/wp-json\/wp\/v2\/media?parent=9102"}],"wp:term":[{"taxonomy":"category","embeddable":true,"href":"https:\/\/wp.ufpel.edu.br\/pre\/wp-json\/wp\/v2\/categories?post=9102"},{"taxonomy":"post_tag","embeddable":true,"href":"https:\/\/wp.ufpel.edu.br\/pre\/wp-json\/wp\/v2\/tags?post=9102"}],"curies":[{"name":"wp","href":"https:\/\/api.w.org\/{rel}","templated":true}]}}