{"id":7646,"date":"2024-06-14T15:24:04","date_gmt":"2024-06-14T18:24:04","guid":{"rendered":"https:\/\/wp.ufpel.edu.br\/pre\/?p=7646"},"modified":"2024-06-14T15:24:04","modified_gmt":"2024-06-14T18:24:04","slug":"resultado-final-coordenador-institucional-pibid","status":"publish","type":"post","link":"https:\/\/wp.ufpel.edu.br\/pre\/2024\/06\/14\/resultado-final-coordenador-institucional-pibid\/","title":{"rendered":"Resultado Final Coordenador Institucional PIBID"},"content":{"rendered":"<p>A PRE torna p\u00fablico o Resultado Final da sele\u00e7\u00e3o para Coordenador Institucional do PIBID, referente ao Edital 16\/2024:<\/p>\n<p><span style=\"color: #ff0000;\"><span style=\"color: #0000ff;\"><a style=\"color: #0000ff;\" href=\"https:\/\/wp.ufpel.edu.br\/pre\/files\/2024\/06\/SEI_UFPel-2634499-Despacho.pdf\">Resultado Final Coordenador Institucional PIBID<\/a><\/span><\/span><\/p>\n","protected":false},"excerpt":{"rendered":"<p>A PRE torna p\u00fablico o Resultado Final da sele\u00e7\u00e3o para Coordenador Institucional do PIBID, referente ao Edital 16\/2024: Resultado Final Coordenador Institucional PIBID<\/p>\n","protected":false},"author":174,"featured_media":0,"comment_status":"closed","ping_status":"closed","sticky":false,"template":"","format":"standard","meta":{"jetpack_post_was_ever_published":false,"_jetpack_newsletter_access":"","_jetpack_dont_email_post_to_subs":false,"_jetpack_newsletter_tier_id":0,"_jetpack_memberships_contains_paywalled_content":false,"_jetpack_memberships_contains_paid_content":false,"footnotes":"","jetpack_publicize_message":"","jetpack_publicize_feature_enabled":true,"jetpack_social_post_already_shared":true,"jetpack_social_options":{"image_generator_settings":{"template":"highway","default_image_id":0,"font":"","enabled":false},"version":2},"_links_to":"","_links_to_target":""},"categories":[18],"tags":[],"class_list":["post-7646","post","type-post","status-publish","format-standard","hentry","category-noticias"],"jetpack_publicize_connections":[],"jetpack_featured_media_url":"","jetpack_sharing_enabled":true,"_links":{"self":[{"href":"https:\/\/wp.ufpel.edu.br\/pre\/wp-json\/wp\/v2\/posts\/7646","targetHints":{"allow":["GET"]}}],"collection":[{"href":"https:\/\/wp.ufpel.edu.br\/pre\/wp-json\/wp\/v2\/posts"}],"about":[{"href":"https:\/\/wp.ufpel.edu.br\/pre\/wp-json\/wp\/v2\/types\/post"}],"author":[{"embeddable":true,"href":"https:\/\/wp.ufpel.edu.br\/pre\/wp-json\/wp\/v2\/users\/174"}],"replies":[{"embeddable":true,"href":"https:\/\/wp.ufpel.edu.br\/pre\/wp-json\/wp\/v2\/comments?post=7646"}],"version-history":[{"count":1,"href":"https:\/\/wp.ufpel.edu.br\/pre\/wp-json\/wp\/v2\/posts\/7646\/revisions"}],"predecessor-version":[{"id":7647,"href":"https:\/\/wp.ufpel.edu.br\/pre\/wp-json\/wp\/v2\/posts\/7646\/revisions\/7647"}],"wp:attachment":[{"href":"https:\/\/wp.ufpel.edu.br\/pre\/wp-json\/wp\/v2\/media?parent=7646"}],"wp:term":[{"taxonomy":"category","embeddable":true,"href":"https:\/\/wp.ufpel.edu.br\/pre\/wp-json\/wp\/v2\/categories?post=7646"},{"taxonomy":"post_tag","embeddable":true,"href":"https:\/\/wp.ufpel.edu.br\/pre\/wp-json\/wp\/v2\/tags?post=7646"}],"curies":[{"name":"wp","href":"https:\/\/api.w.org\/{rel}","templated":true}]}}