{"id":6973,"date":"2023-06-13T16:33:41","date_gmt":"2023-06-13T19:33:41","guid":{"rendered":"https:\/\/wp.ufpel.edu.br\/pre\/?p=6973"},"modified":"2023-06-15T11:28:40","modified_gmt":"2023-06-15T14:28:40","slug":"selecao-professor-supervisor-pibid-homologacao-de-inscricoes-edital-no-22-2023","status":"publish","type":"post","link":"https:\/\/wp.ufpel.edu.br\/pre\/2023\/06\/13\/selecao-professor-supervisor-pibid-homologacao-de-inscricoes-edital-no-22-2023\/","title":{"rendered":"Sele\u00e7\u00e3o Professor Supervisor PIBID &#8211; Homologa\u00e7\u00e3o de Inscri\u00e7\u00f5es e Retifica\u00e7\u00e3o de Cronograma (Edital n\u00ba 22\/2023)"},"content":{"rendered":"<p><span class=\"fontstyle0\">A Pr\u00f3-Reitoria de Ensino (PRE) da Universidade Federal de Pelotas (UFPel), atrav\u00e9s do N\u00facleo de Programas e Projetos (NUPROP) e da Coordena\u00e7\u00e3o Institucional do PIBID UFPel, divulga as inscri\u00e7\u00f5es homologadas e a retifica\u00e7\u00e3o de cronograma da sele\u00e7\u00e3o de professores do Ensino Fundamental e M\u00e9dio para bolsa de supervis\u00e3o do PIBID UFPel<\/span>, relativo ao Edital NUPROP n\u00ba 22\/2023:<\/p>\n<p><span style=\"color: #0000ff;\"><a style=\"color: #0000ff;\" href=\"https:\/\/wp.ufpel.edu.br\/pre\/files\/2023\/06\/Homologacao-edital-22.2023-supervisores.pdf\">Homologa\u00e7\u00e3o &#8211; edital Nuprop 22\/2023 supervisores Pibid<\/a><\/span><\/p>\n<p><span style=\"color: #0000ff;\"><a style=\"color: #0000ff;\" href=\"https:\/\/wp.ufpel.edu.br\/pre\/files\/2023\/06\/SEI_UFPel-2213030-Despacho-1.pdf\">Altera\u00e7\u00e3o de Cronograma Edital Nuprop 22\/2023<\/a><\/span><\/p>\n","protected":false},"excerpt":{"rendered":"<p>A Pr\u00f3-Reitoria de Ensino (PRE) da Universidade Federal de Pelotas (UFPel), atrav\u00e9s do N\u00facleo de Programas e Projetos (NUPROP) e da Coordena\u00e7\u00e3o Institucional do PIBID UFPel, divulga as inscri\u00e7\u00f5es homologadas e a retifica\u00e7\u00e3o de cronograma da sele\u00e7\u00e3o de professores do Ensino Fundamental e M\u00e9dio para bolsa de supervis\u00e3o do PIBID UFPel, relativo ao Edital NUPROP [&hellip;]<\/p>\n","protected":false},"author":174,"featured_media":0,"comment_status":"closed","ping_status":"closed","sticky":false,"template":"","format":"standard","meta":{"jetpack_post_was_ever_published":false,"_jetpack_newsletter_access":"","_jetpack_dont_email_post_to_subs":false,"_jetpack_newsletter_tier_id":0,"_jetpack_memberships_contains_paywalled_content":false,"_jetpack_memberships_contains_paid_content":false,"footnotes":"","jetpack_publicize_message":"","jetpack_publicize_feature_enabled":true,"jetpack_social_post_already_shared":true,"jetpack_social_options":{"image_generator_settings":{"template":"highway","default_image_id":0,"font":"","enabled":false},"version":2},"_links_to":"","_links_to_target":""},"categories":[69091,18],"tags":[],"class_list":["post-6973","post","type-post","status-publish","format-standard","hentry","category-manchete","category-noticias"],"jetpack_publicize_connections":[],"jetpack_featured_media_url":"","jetpack_sharing_enabled":true,"_links":{"self":[{"href":"https:\/\/wp.ufpel.edu.br\/pre\/wp-json\/wp\/v2\/posts\/6973","targetHints":{"allow":["GET"]}}],"collection":[{"href":"https:\/\/wp.ufpel.edu.br\/pre\/wp-json\/wp\/v2\/posts"}],"about":[{"href":"https:\/\/wp.ufpel.edu.br\/pre\/wp-json\/wp\/v2\/types\/post"}],"author":[{"embeddable":true,"href":"https:\/\/wp.ufpel.edu.br\/pre\/wp-json\/wp\/v2\/users\/174"}],"replies":[{"embeddable":true,"href":"https:\/\/wp.ufpel.edu.br\/pre\/wp-json\/wp\/v2\/comments?post=6973"}],"version-history":[{"count":4,"href":"https:\/\/wp.ufpel.edu.br\/pre\/wp-json\/wp\/v2\/posts\/6973\/revisions"}],"predecessor-version":[{"id":6986,"href":"https:\/\/wp.ufpel.edu.br\/pre\/wp-json\/wp\/v2\/posts\/6973\/revisions\/6986"}],"wp:attachment":[{"href":"https:\/\/wp.ufpel.edu.br\/pre\/wp-json\/wp\/v2\/media?parent=6973"}],"wp:term":[{"taxonomy":"category","embeddable":true,"href":"https:\/\/wp.ufpel.edu.br\/pre\/wp-json\/wp\/v2\/categories?post=6973"},{"taxonomy":"post_tag","embeddable":true,"href":"https:\/\/wp.ufpel.edu.br\/pre\/wp-json\/wp\/v2\/tags?post=6973"}],"curies":[{"name":"wp","href":"https:\/\/api.w.org\/{rel}","templated":true}]}}