{"id":6363,"date":"2022-10-27T15:03:05","date_gmt":"2022-10-27T18:03:05","guid":{"rendered":"https:\/\/wp.ufpel.edu.br\/pre\/?p=6363"},"modified":"2022-10-27T15:03:05","modified_gmt":"2022-10-27T18:03:05","slug":"edital-no-032-2022-retificacao-do-cronograma-do-edital-no-031-2022-supervisores-pibid","status":"publish","type":"post","link":"https:\/\/wp.ufpel.edu.br\/pre\/2022\/10\/27\/edital-no-032-2022-retificacao-do-cronograma-do-edital-no-031-2022-supervisores-pibid\/","title":{"rendered":"Edital n\u00ba 032\/2022 &#8211; Retifica\u00e7\u00e3o do CRONOGRAMA do Edital n\u00ba 031\/2022 (supervisores PIBID)"},"content":{"rendered":"<p style=\"text-align: justify;\">A Coordena\u00e7\u00e3o Institucional do Programa Institucional de Bolsas de Inicia\u00e7\u00e3o \u00e0 Doc\u00eancia (PIBID) da Universidade Federal de Pelotas (UFPel) torna p\u00fablica a altera\u00e7\u00e3o do cronograma do EDITAL N\u00ba. 31\/2022, de sele\u00e7\u00e3o de professores das escolas municipais e estaduais para atuar como supervisores do PIBID UFPel.<\/p>\n<p style=\"text-align: justify;\">Com a mudan\u00e7a, as inscri\u00e7\u00f5es se encerrar\u00e3o no dia 31\/10\/2022, a homologa\u00e7\u00e3o das inscri\u00e7\u00f5es ser\u00e1 divulgada no dia 01\/11\/2022 e as entrevistas ocorrer\u00e3o nos dias 03 e 04\/11\/2022.<\/p>\n<p><span style=\"color: #0000ff;\"><a style=\"color: #0000ff;\" href=\"https:\/\/wp.ufpel.edu.br\/pre\/files\/2022\/10\/SEI_23110.038023_2022_69-7.pdf\">Edital 32\/2022 &#8211; Retifica\u00e7\u00e3o de cronograma do Edital 31\/2022<\/a><\/span><\/p>\n","protected":false},"excerpt":{"rendered":"<p>A Coordena\u00e7\u00e3o Institucional do Programa Institucional de Bolsas de Inicia\u00e7\u00e3o \u00e0 Doc\u00eancia (PIBID) da Universidade Federal de Pelotas (UFPel) torna p\u00fablica a altera\u00e7\u00e3o do cronograma do EDITAL N\u00ba. 31\/2022, de sele\u00e7\u00e3o de professores das escolas municipais e estaduais para atuar como supervisores do PIBID UFPel. Com a mudan\u00e7a, as inscri\u00e7\u00f5es se encerrar\u00e3o no dia 31\/10\/2022, [&hellip;]<\/p>\n","protected":false},"author":174,"featured_media":0,"comment_status":"closed","ping_status":"closed","sticky":false,"template":"","format":"standard","meta":{"jetpack_post_was_ever_published":false,"_jetpack_newsletter_access":"","_jetpack_dont_email_post_to_subs":false,"_jetpack_newsletter_tier_id":0,"_jetpack_memberships_contains_paywalled_content":false,"_jetpack_memberships_contains_paid_content":false,"footnotes":"","jetpack_publicize_message":"","jetpack_publicize_feature_enabled":true,"jetpack_social_post_already_shared":true,"jetpack_social_options":{"image_generator_settings":{"template":"highway","default_image_id":0,"font":"","enabled":false},"version":2},"_links_to":"","_links_to_target":""},"categories":[69091,18],"tags":[],"class_list":["post-6363","post","type-post","status-publish","format-standard","hentry","category-manchete","category-noticias"],"jetpack_publicize_connections":[],"jetpack_featured_media_url":"","jetpack_sharing_enabled":true,"_links":{"self":[{"href":"https:\/\/wp.ufpel.edu.br\/pre\/wp-json\/wp\/v2\/posts\/6363","targetHints":{"allow":["GET"]}}],"collection":[{"href":"https:\/\/wp.ufpel.edu.br\/pre\/wp-json\/wp\/v2\/posts"}],"about":[{"href":"https:\/\/wp.ufpel.edu.br\/pre\/wp-json\/wp\/v2\/types\/post"}],"author":[{"embeddable":true,"href":"https:\/\/wp.ufpel.edu.br\/pre\/wp-json\/wp\/v2\/users\/174"}],"replies":[{"embeddable":true,"href":"https:\/\/wp.ufpel.edu.br\/pre\/wp-json\/wp\/v2\/comments?post=6363"}],"version-history":[{"count":1,"href":"https:\/\/wp.ufpel.edu.br\/pre\/wp-json\/wp\/v2\/posts\/6363\/revisions"}],"predecessor-version":[{"id":6365,"href":"https:\/\/wp.ufpel.edu.br\/pre\/wp-json\/wp\/v2\/posts\/6363\/revisions\/6365"}],"wp:attachment":[{"href":"https:\/\/wp.ufpel.edu.br\/pre\/wp-json\/wp\/v2\/media?parent=6363"}],"wp:term":[{"taxonomy":"category","embeddable":true,"href":"https:\/\/wp.ufpel.edu.br\/pre\/wp-json\/wp\/v2\/categories?post=6363"},{"taxonomy":"post_tag","embeddable":true,"href":"https:\/\/wp.ufpel.edu.br\/pre\/wp-json\/wp\/v2\/tags?post=6363"}],"curies":[{"name":"wp","href":"https:\/\/api.w.org\/{rel}","templated":true}]}}