{"id":6248,"date":"2022-09-29T16:40:28","date_gmt":"2022-09-29T19:40:28","guid":{"rendered":"https:\/\/wp.ufpel.edu.br\/pre\/?p=6248"},"modified":"2022-09-29T16:40:28","modified_gmt":"2022-09-29T19:40:28","slug":"edital-24-2022-parfor","status":"publish","type":"post","link":"https:\/\/wp.ufpel.edu.br\/pre\/2022\/09\/29\/edital-24-2022-parfor\/","title":{"rendered":"EDITAL N\u00ba. 24\/2022 &#8211; Processo seletivo para coordenador do Curso de Licenciatura em Ci\u00eancias Biol\u00f3gicas, edi\u00e7\u00e3o 2022\/2023 do PARFOR."},"content":{"rendered":"<p>A Pr\u00f3-Reitoria de Ensino da UFPel, em conformidade ao Edital CAPES n\u00ba 8\/2022 e \u00e0 Portaria CAPES n\u00ba 220, de 21 de dezembro de 2021, abre processo de sele\u00e7\u00e3o para coordenador do Curso de Licenciatura em Ci\u00eancias Biol\u00f3gicas,\u00a0 da edi\u00e7\u00e3o 2022\/2023 do PARFOR.<\/p>\n<p>As inscri\u00e7\u00f5es estar\u00e3o abertas no per\u00edodo de 29\/09\/2022 a 06\/10\/2022 atrav\u00e9s do formul\u00e1rio\u00a0<a href=\"https:\/\/forms.gle\/P7wbkZGDPh3q51f78\" target=\"_blank\" rel=\"noopener\"><span style=\"color: #0000ff;\">https:\/\/forms.gle\/P7wbkZGDPh3q51f78<\/span><\/a><\/p>\n<p><span style=\"color: #0000ff;\"><strong><a style=\"color: #0000ff;\" href=\"https:\/\/wp.ufpel.edu.br\/pre\/files\/2022\/09\/SEI_UFPel-1881536-Edital-PARFOR-N-0242022.pdf\">Edital n\u00ba. 24\/2022 &#8211; PARFOR\/UFPEL<\/a><\/strong><\/span><\/p>\n<p class=\"Item_Nivel2\">\n<p class=\"Item_Nivel3\"><strong>Inscri\u00e7\u00f5es<\/strong>: de 29\/09\/2022 a 06\/10\/2022<\/p>\n<p class=\"Item_Nivel3\"><strong>Resultado preliminar<\/strong>: 10\/10\/2022<\/p>\n<p class=\"Item_Nivel3\"><strong>Prazo de recurso<\/strong>: 11 e 12\/10\/2022<\/p>\n<p class=\"Item_Nivel3\"><strong>Resultado final<\/strong>: 14\/10\/2022<\/p>\n","protected":false},"excerpt":{"rendered":"<p>A Pr\u00f3-Reitoria de Ensino da UFPel, em conformidade ao Edital CAPES n\u00ba 8\/2022 e \u00e0 Portaria CAPES n\u00ba 220, de 21 de dezembro de 2021, abre processo de sele\u00e7\u00e3o para coordenador do Curso de Licenciatura em Ci\u00eancias Biol\u00f3gicas,\u00a0 da edi\u00e7\u00e3o 2022\/2023 do PARFOR. As inscri\u00e7\u00f5es estar\u00e3o abertas no per\u00edodo de 29\/09\/2022 a 06\/10\/2022 atrav\u00e9s do [&hellip;]<\/p>\n","protected":false},"author":174,"featured_media":0,"comment_status":"closed","ping_status":"closed","sticky":false,"template":"","format":"standard","meta":{"jetpack_post_was_ever_published":false,"_jetpack_newsletter_access":"","_jetpack_dont_email_post_to_subs":false,"_jetpack_newsletter_tier_id":0,"_jetpack_memberships_contains_paywalled_content":false,"_jetpack_memberships_contains_paid_content":false,"footnotes":"","jetpack_publicize_message":"","jetpack_publicize_feature_enabled":true,"jetpack_social_post_already_shared":true,"jetpack_social_options":{"image_generator_settings":{"template":"highway","default_image_id":0,"font":"","enabled":false},"version":2},"_links_to":"","_links_to_target":""},"categories":[18],"tags":[],"class_list":["post-6248","post","type-post","status-publish","format-standard","hentry","category-noticias"],"jetpack_publicize_connections":[],"jetpack_featured_media_url":"","jetpack_sharing_enabled":true,"_links":{"self":[{"href":"https:\/\/wp.ufpel.edu.br\/pre\/wp-json\/wp\/v2\/posts\/6248","targetHints":{"allow":["GET"]}}],"collection":[{"href":"https:\/\/wp.ufpel.edu.br\/pre\/wp-json\/wp\/v2\/posts"}],"about":[{"href":"https:\/\/wp.ufpel.edu.br\/pre\/wp-json\/wp\/v2\/types\/post"}],"author":[{"embeddable":true,"href":"https:\/\/wp.ufpel.edu.br\/pre\/wp-json\/wp\/v2\/users\/174"}],"replies":[{"embeddable":true,"href":"https:\/\/wp.ufpel.edu.br\/pre\/wp-json\/wp\/v2\/comments?post=6248"}],"version-history":[{"count":6,"href":"https:\/\/wp.ufpel.edu.br\/pre\/wp-json\/wp\/v2\/posts\/6248\/revisions"}],"predecessor-version":[{"id":6255,"href":"https:\/\/wp.ufpel.edu.br\/pre\/wp-json\/wp\/v2\/posts\/6248\/revisions\/6255"}],"wp:attachment":[{"href":"https:\/\/wp.ufpel.edu.br\/pre\/wp-json\/wp\/v2\/media?parent=6248"}],"wp:term":[{"taxonomy":"category","embeddable":true,"href":"https:\/\/wp.ufpel.edu.br\/pre\/wp-json\/wp\/v2\/categories?post=6248"},{"taxonomy":"post_tag","embeddable":true,"href":"https:\/\/wp.ufpel.edu.br\/pre\/wp-json\/wp\/v2\/tags?post=6248"}],"curies":[{"name":"wp","href":"https:\/\/api.w.org\/{rel}","templated":true}]}}