{"id":4484,"date":"2020-05-21T15:14:01","date_gmt":"2020-05-21T18:14:01","guid":{"rendered":"https:\/\/wp.ufpel.edu.br\/pre\/?p=4484"},"modified":"2020-05-25T11:02:45","modified_gmt":"2020-05-25T14:02:45","slug":"calendario-academico-alternativo","status":"publish","type":"post","link":"https:\/\/wp.ufpel.edu.br\/pre\/2020\/05\/21\/calendario-academico-alternativo\/","title":{"rendered":"Calend\u00e1rio Acad\u00eamico Alternativo"},"content":{"rendered":"<p>A Pr\u00f3-Reitoria de Ensino disponibiliza a Minuta de Parecer Normativo &#8211; Calend\u00e1rio Acad\u00eamico Alternativo no Contexto da Pandemia do COVD-19, encaminhada ao Conselho Coordenador do Ensino, da Pesquisa e da Extens\u00e3o.<\/p>\n<p><a href=\"https:\/\/wp.ufpel.edu.br\/pre\/files\/2020\/05\/Minuta_de_Parecer_Normativo___CALENDARIO_ACADEMICO_ALTERNATIVO_NO_CONTEXTO_DA_PANDEMIA_DO_COVID_19.pdf\">Minuta de Parecer Normativo<\/a><\/p>\n","protected":false},"excerpt":{"rendered":"<p>A Pr\u00f3-Reitoria de Ensino disponibiliza a Minuta de Parecer Normativo &#8211; Calend\u00e1rio Acad\u00eamico Alternativo no Contexto da Pandemia do COVD-19, encaminhada ao Conselho Coordenador do Ensino, da Pesquisa e da Extens\u00e3o. Minuta de Parecer Normativo<\/p>\n","protected":false},"author":174,"featured_media":0,"comment_status":"closed","ping_status":"closed","sticky":false,"template":"","format":"standard","meta":{"jetpack_post_was_ever_published":false,"_jetpack_newsletter_access":"","_jetpack_dont_email_post_to_subs":false,"_jetpack_newsletter_tier_id":0,"_jetpack_memberships_contains_paywalled_content":false,"_jetpack_memberships_contains_paid_content":false,"footnotes":"","jetpack_publicize_message":"","jetpack_publicize_feature_enabled":true,"jetpack_social_post_already_shared":true,"jetpack_social_options":{"image_generator_settings":{"template":"highway","default_image_id":0,"font":"","enabled":false},"version":2},"_links_to":"","_links_to_target":""},"categories":[18],"tags":[],"class_list":["post-4484","post","type-post","status-publish","format-standard","hentry","category-noticias"],"jetpack_publicize_connections":[],"jetpack_featured_media_url":"","jetpack_sharing_enabled":true,"_links":{"self":[{"href":"https:\/\/wp.ufpel.edu.br\/pre\/wp-json\/wp\/v2\/posts\/4484","targetHints":{"allow":["GET"]}}],"collection":[{"href":"https:\/\/wp.ufpel.edu.br\/pre\/wp-json\/wp\/v2\/posts"}],"about":[{"href":"https:\/\/wp.ufpel.edu.br\/pre\/wp-json\/wp\/v2\/types\/post"}],"author":[{"embeddable":true,"href":"https:\/\/wp.ufpel.edu.br\/pre\/wp-json\/wp\/v2\/users\/174"}],"replies":[{"embeddable":true,"href":"https:\/\/wp.ufpel.edu.br\/pre\/wp-json\/wp\/v2\/comments?post=4484"}],"version-history":[{"count":2,"href":"https:\/\/wp.ufpel.edu.br\/pre\/wp-json\/wp\/v2\/posts\/4484\/revisions"}],"predecessor-version":[{"id":4487,"href":"https:\/\/wp.ufpel.edu.br\/pre\/wp-json\/wp\/v2\/posts\/4484\/revisions\/4487"}],"wp:attachment":[{"href":"https:\/\/wp.ufpel.edu.br\/pre\/wp-json\/wp\/v2\/media?parent=4484"}],"wp:term":[{"taxonomy":"category","embeddable":true,"href":"https:\/\/wp.ufpel.edu.br\/pre\/wp-json\/wp\/v2\/categories?post=4484"},{"taxonomy":"post_tag","embeddable":true,"href":"https:\/\/wp.ufpel.edu.br\/pre\/wp-json\/wp\/v2\/tags?post=4484"}],"curies":[{"name":"wp","href":"https:\/\/api.w.org\/{rel}","templated":true}]}}