{"id":3057,"date":"2017-11-10T15:44:21","date_gmt":"2017-11-10T17:44:21","guid":{"rendered":"https:\/\/wp.ufpel.edu.br\/pre\/?p=3057"},"modified":"2017-11-10T15:45:32","modified_gmt":"2017-11-10T17:45:32","slug":"edital-ufpelpnaic-no-0012017-processo-seletivo-simplificado-para-atuacao-na-funcao-como-formador-estadual-junto-ao-pacto-nacional-pela-alfabetizacao-na-idade-certa-ofertado-no-ambito-da-universida","status":"publish","type":"post","link":"https:\/\/wp.ufpel.edu.br\/pre\/2017\/11\/10\/edital-ufpelpnaic-no-0012017-processo-seletivo-simplificado-para-atuacao-na-funcao-como-formador-estadual-junto-ao-pacto-nacional-pela-alfabetizacao-na-idade-certa-ofertado-no-ambito-da-universida\/","title":{"rendered":"EDITAL UFPEL\/PNAIC N\u00ba 001\/2017 &#8211; PROCESSO SELETIVO SIMPLIFICADO PARA ATUA\u00c7\u00c3O NA FUN\u00c7\u00c3O COMO FORMADOR ESTADUAL JUNTO AO PACTO NACIONAL PELA ALFABETIZA\u00c7\u00c3O NA IDADE CERTA OFERTADO NO \u00c2MBITO DA UNIVERSIDADE FEDERAL DE PELOTAS (PNAIC\/UFPel 2017)"},"content":{"rendered":"<p>A Universidade Federal de Pelotas, por meio da Coordena\u00e7\u00e3o do PNAIC\/UFPel 2017, torna p\u00fablica a abertura de inscri\u00e7\u00f5es para o processo simplificado de sele\u00e7\u00e3o para fun\u00e7\u00e3o de Formador \u00a0Estadual do Pacto Nacional pela Alfabetiza\u00e7\u00e3o na Idade Certa.<\/p>\n<p><a href=\"https:\/\/wp.ufpel.edu.br\/pre\/files\/2017\/11\/PNAIC-2017-001-Edital.pdf\">PNAIC-2017-001-Edital<\/a><\/p>\n","protected":false},"excerpt":{"rendered":"<p>A Universidade Federal de Pelotas, por meio da Coordena\u00e7\u00e3o do PNAIC\/UFPel 2017, torna p\u00fablica a abertura de inscri\u00e7\u00f5es para o processo simplificado de sele\u00e7\u00e3o para fun\u00e7\u00e3o de Formador \u00a0Estadual do Pacto Nacional pela Alfabetiza\u00e7\u00e3o na Idade Certa. PNAIC-2017-001-Edital<\/p>\n","protected":false},"author":174,"featured_media":0,"comment_status":"closed","ping_status":"closed","sticky":false,"template":"","format":"standard","meta":{"jetpack_post_was_ever_published":false,"_jetpack_newsletter_access":"","_jetpack_dont_email_post_to_subs":false,"_jetpack_newsletter_tier_id":0,"_jetpack_memberships_contains_paywalled_content":false,"_jetpack_memberships_contains_paid_content":false,"footnotes":"","jetpack_publicize_message":"","jetpack_publicize_feature_enabled":true,"jetpack_social_post_already_shared":true,"jetpack_social_options":{"image_generator_settings":{"template":"highway","default_image_id":0,"font":"","enabled":false},"version":2},"_links_to":"","_links_to_target":""},"categories":[18],"tags":[],"class_list":["post-3057","post","type-post","status-publish","format-standard","hentry","category-noticias"],"jetpack_publicize_connections":[],"jetpack_featured_media_url":"","jetpack_sharing_enabled":true,"_links":{"self":[{"href":"https:\/\/wp.ufpel.edu.br\/pre\/wp-json\/wp\/v2\/posts\/3057","targetHints":{"allow":["GET"]}}],"collection":[{"href":"https:\/\/wp.ufpel.edu.br\/pre\/wp-json\/wp\/v2\/posts"}],"about":[{"href":"https:\/\/wp.ufpel.edu.br\/pre\/wp-json\/wp\/v2\/types\/post"}],"author":[{"embeddable":true,"href":"https:\/\/wp.ufpel.edu.br\/pre\/wp-json\/wp\/v2\/users\/174"}],"replies":[{"embeddable":true,"href":"https:\/\/wp.ufpel.edu.br\/pre\/wp-json\/wp\/v2\/comments?post=3057"}],"version-history":[{"count":1,"href":"https:\/\/wp.ufpel.edu.br\/pre\/wp-json\/wp\/v2\/posts\/3057\/revisions"}],"predecessor-version":[{"id":3060,"href":"https:\/\/wp.ufpel.edu.br\/pre\/wp-json\/wp\/v2\/posts\/3057\/revisions\/3060"}],"wp:attachment":[{"href":"https:\/\/wp.ufpel.edu.br\/pre\/wp-json\/wp\/v2\/media?parent=3057"}],"wp:term":[{"taxonomy":"category","embeddable":true,"href":"https:\/\/wp.ufpel.edu.br\/pre\/wp-json\/wp\/v2\/categories?post=3057"},{"taxonomy":"post_tag","embeddable":true,"href":"https:\/\/wp.ufpel.edu.br\/pre\/wp-json\/wp\/v2\/tags?post=3057"}],"curies":[{"name":"wp","href":"https:\/\/api.w.org\/{rel}","templated":true}]}}