{"id":2806,"date":"2017-05-29T14:29:17","date_gmt":"2017-05-29T17:29:17","guid":{"rendered":"https:\/\/wp.ufpel.edu.br\/prg\/?p=2806"},"modified":"2017-06-01T13:23:52","modified_gmt":"2017-06-01T16:23:52","slug":"resultado-final-selecao-de-projetos-de-ensino-e-normas-para-implementacao-das-bolsas-de-ensino-2017","status":"publish","type":"post","link":"https:\/\/wp.ufpel.edu.br\/pre\/2017\/05\/29\/resultado-final-selecao-de-projetos-de-ensino-e-normas-para-implementacao-das-bolsas-de-ensino-2017\/","title":{"rendered":"Resultado Final Sele\u00e7\u00e3o de Projetos de Ensino e Normas para Implementa\u00e7\u00e3o das Bolsas de Ensino 2017"},"content":{"rendered":"<p>A PRG divulga o Edital PRG\/CPP 005\/2017, no qual constam o RESULTADO FINAL dos projetos de ensino\u00a0contemplados com bolsas de inicia\u00e7\u00e3o ao ensino (do edital PRG\/CPP 003\/2017), o cronograma de sele\u00e7\u00e3o e as Normas para implementa\u00e7\u00e3o das Bolsas de Inicia\u00e7\u00e3o ao Ensino de 2017.<\/p>\n<p><span style=\"color: #0000ff\"><a style=\"color: #0000ff\" href=\"https:\/\/wp.ufpel.edu.br\/prg\/files\/2017\/05\/Edital-05-2017-Resultado-Final-e-Normas-implementacao-das-Bolsas-2017-1.pdf\">Edital 05-2017 Resultado Final e Normas implementa\u00e7\u00e3o das Bolsas 2017<\/a><\/span><\/p>\n<p><span class=\"Apple-style-span\" style=\"color: #0000ff\"><a style=\"color: #0000ff\" href=\"https:\/\/wp.ufpel.edu.br\/prg\/files\/2017\/05\/Anexos-Edital-005.2017-Documentos-para-Selecao-de-Bolsistas-2-2-1.doc\">Anexos Edital 05-2017 &#8211; Documentos para Sele\u00e7\u00e3o de Bolsistas<\/a> <span style=\"color: #000000\">&#8211; retificado em 29\/05\/2017<\/span><\/span><\/p>\n<p><span style=\"color: #0000ff\"><a style=\"color: #0000ff\" href=\"https:\/\/goo.gl\/forms\/bCyRtLEv625Q5CI92\">Cadastro OBRIGAT\u00d3RIO de Bolsistas Selecionados<\/a><\/span><\/p>\n","protected":false},"excerpt":{"rendered":"<p>A PRG divulga o Edital PRG\/CPP 005\/2017, no qual constam o RESULTADO FINAL dos projetos de ensino\u00a0contemplados com bolsas de inicia\u00e7\u00e3o ao ensino (do edital PRG\/CPP 003\/2017), o cronograma de sele\u00e7\u00e3o e as Normas para implementa\u00e7\u00e3o das Bolsas de Inicia\u00e7\u00e3o ao Ensino de 2017. Edital 05-2017 Resultado Final e Normas implementa\u00e7\u00e3o das Bolsas 2017 Anexos [&hellip;]<\/p>\n","protected":false},"author":174,"featured_media":0,"comment_status":"closed","ping_status":"closed","sticky":false,"template":"","format":"standard","meta":{"jetpack_post_was_ever_published":false,"_jetpack_newsletter_access":"","_jetpack_dont_email_post_to_subs":false,"_jetpack_newsletter_tier_id":0,"_jetpack_memberships_contains_paywalled_content":false,"_jetpack_memberships_contains_paid_content":false,"footnotes":"","jetpack_publicize_message":"","jetpack_publicize_feature_enabled":true,"jetpack_social_post_already_shared":true,"jetpack_social_options":{"image_generator_settings":{"template":"highway","default_image_id":0,"font":"","enabled":false},"version":2},"_links_to":"","_links_to_target":""},"categories":[69091],"tags":[],"class_list":["post-2806","post","type-post","status-publish","format-standard","hentry","category-manchete"],"jetpack_publicize_connections":[],"jetpack_featured_media_url":"","jetpack_sharing_enabled":true,"_links":{"self":[{"href":"https:\/\/wp.ufpel.edu.br\/pre\/wp-json\/wp\/v2\/posts\/2806","targetHints":{"allow":["GET"]}}],"collection":[{"href":"https:\/\/wp.ufpel.edu.br\/pre\/wp-json\/wp\/v2\/posts"}],"about":[{"href":"https:\/\/wp.ufpel.edu.br\/pre\/wp-json\/wp\/v2\/types\/post"}],"author":[{"embeddable":true,"href":"https:\/\/wp.ufpel.edu.br\/pre\/wp-json\/wp\/v2\/users\/174"}],"replies":[{"embeddable":true,"href":"https:\/\/wp.ufpel.edu.br\/pre\/wp-json\/wp\/v2\/comments?post=2806"}],"version-history":[{"count":10,"href":"https:\/\/wp.ufpel.edu.br\/pre\/wp-json\/wp\/v2\/posts\/2806\/revisions"}],"predecessor-version":[{"id":2842,"href":"https:\/\/wp.ufpel.edu.br\/pre\/wp-json\/wp\/v2\/posts\/2806\/revisions\/2842"}],"wp:attachment":[{"href":"https:\/\/wp.ufpel.edu.br\/pre\/wp-json\/wp\/v2\/media?parent=2806"}],"wp:term":[{"taxonomy":"category","embeddable":true,"href":"https:\/\/wp.ufpel.edu.br\/pre\/wp-json\/wp\/v2\/categories?post=2806"},{"taxonomy":"post_tag","embeddable":true,"href":"https:\/\/wp.ufpel.edu.br\/pre\/wp-json\/wp\/v2\/tags?post=2806"}],"curies":[{"name":"wp","href":"https:\/\/api.w.org\/{rel}","templated":true}]}}