{"id":2238,"date":"2016-03-28T15:56:09","date_gmt":"2016-03-28T18:56:09","guid":{"rendered":"https:\/\/wp.ufpel.edu.br\/prg\/?p=2238"},"modified":"2016-04-12T13:20:09","modified_gmt":"2016-04-12T16:20:09","slug":"homologacao-das-inscricoes-selecao-de-projetos-de-ensino-a-serem-contemplados-com-bolsas-de-iniciacao-ao-ensino","status":"publish","type":"post","link":"https:\/\/wp.ufpel.edu.br\/pre\/2016\/03\/28\/homologacao-das-inscricoes-selecao-de-projetos-de-ensino-a-serem-contemplados-com-bolsas-de-iniciacao-ao-ensino\/","title":{"rendered":"Homologa\u00e7\u00e3o das Inscri\u00e7\u00f5es &#8211; Sele\u00e7\u00e3o de Projetos de Ensino a serem contemplados com Bolsas de Inicia\u00e7\u00e3o ao Ensino"},"content":{"rendered":"<p>A PRG divulga o resultado da Etapa I &#8211; Homologa\u00e7\u00e3o das Inscri\u00e7\u00f5es\u00a0para a sele\u00e7\u00e3o de Projetos de Ensino a serem contemplados com Bolsas de Inicia\u00e7\u00e3o ao Ensino.<\/p>\n<p>Considerando o item 10 do Edital PRG N\u00ba 002\/15, <strong>caber\u00e1 recurso desta etapa<\/strong>, o qual dever\u00e1 ser entregue exclusivamente na sala da CPP\/PRG (Rua Gomes Carneiro, 01, Bloco A, sala 111), <strong>no prazo e hor\u00e1rio estipulados no cronograma &#8211; dia 29 de mar\u00e7o, das 08h30min \u00e0s 18h00min.<\/strong><\/p>\n<p>Para maiores informa\u00e7\u00f5es, acesse a \u00edntegra do<strong> Edital PRG N\u00ba 002\/2015, <\/strong>dispon\u00edvel<span style=\"color: #ff0000\"><strong> <a style=\"color: #ff0000\" href=\"https:\/\/wp.ufpel.edu.br\/prg\/files\/2012\/04\/EDITAL-DE-SELECAO-DE-PROJETOS-DE-ENSINO-2016.pdf\" rel=\"\">AQUI<\/a>.<\/strong><\/span><\/p>\n<p><strong><span style=\"color: #0000ff\"><a style=\"color: #0000ff\" href=\"https:\/\/wp.ufpel.edu.br\/prg\/files\/2016\/03\/Homologacao-Inscricoes-2016.pdf\" rel=\"\">Homologa\u00e7\u00e3o Inscri\u00e7\u00f5es 2016<\/a><\/span>\u00a0<\/strong><\/p>\n<p><strong><span style=\"color: #ff0000\"><span style=\"text-decoration: underline\"><span style=\"color: #0000ff;text-decoration: underline\">Formul\u00e1rio de\u00a0<a style=\"color: #0000ff;text-decoration: underline\" href=\"https:\/\/wp.ufpel.edu.br\/prg\/files\/2016\/03\/Recurso-Edital-002.2015-Etapa-I-1.pdf\" rel=\"\">Recurso Etapa-I<\/a><\/span><\/span>\u00a0<\/span><\/strong><\/p>\n<p><strong><span style=\"color: #0000ff\"><a style=\"color: #0000ff\" href=\"https:\/\/wp.ufpel.edu.br\/prg\/files\/2016\/04\/Homologacao-Inscricoes-2016-apos-recursos.pdf\" rel=\"\">Homologa\u00e7\u00e3o Inscri\u00e7\u00f5es (ap\u00f3s recursos)<\/a>\u00a0<\/span><\/strong><\/p>\n<p>&nbsp;<\/p>\n","protected":false},"excerpt":{"rendered":"<p>A PRG divulga o resultado da Etapa I &#8211; Homologa\u00e7\u00e3o das Inscri\u00e7\u00f5es\u00a0para a sele\u00e7\u00e3o de Projetos de Ensino a serem contemplados com Bolsas de Inicia\u00e7\u00e3o ao Ensino. Considerando o item 10 do Edital PRG N\u00ba 002\/15, caber\u00e1 recurso desta etapa, o qual dever\u00e1 ser entregue exclusivamente na sala da CPP\/PRG (Rua Gomes Carneiro, 01, Bloco [&hellip;]<\/p>\n","protected":false},"author":174,"featured_media":0,"comment_status":"closed","ping_status":"closed","sticky":false,"template":"","format":"standard","meta":{"jetpack_post_was_ever_published":false,"_jetpack_newsletter_access":"","_jetpack_dont_email_post_to_subs":false,"_jetpack_newsletter_tier_id":0,"_jetpack_memberships_contains_paywalled_content":false,"_jetpack_memberships_contains_paid_content":false,"footnotes":"","jetpack_publicize_message":"","jetpack_publicize_feature_enabled":true,"jetpack_social_post_already_shared":true,"jetpack_social_options":{"image_generator_settings":{"template":"highway","default_image_id":0,"font":"","enabled":false},"version":2},"_links_to":"","_links_to_target":""},"categories":[18],"tags":[],"class_list":["post-2238","post","type-post","status-publish","format-standard","hentry","category-noticias"],"jetpack_publicize_connections":[],"jetpack_featured_media_url":"","jetpack_sharing_enabled":true,"_links":{"self":[{"href":"https:\/\/wp.ufpel.edu.br\/pre\/wp-json\/wp\/v2\/posts\/2238","targetHints":{"allow":["GET"]}}],"collection":[{"href":"https:\/\/wp.ufpel.edu.br\/pre\/wp-json\/wp\/v2\/posts"}],"about":[{"href":"https:\/\/wp.ufpel.edu.br\/pre\/wp-json\/wp\/v2\/types\/post"}],"author":[{"embeddable":true,"href":"https:\/\/wp.ufpel.edu.br\/pre\/wp-json\/wp\/v2\/users\/174"}],"replies":[{"embeddable":true,"href":"https:\/\/wp.ufpel.edu.br\/pre\/wp-json\/wp\/v2\/comments?post=2238"}],"version-history":[{"count":13,"href":"https:\/\/wp.ufpel.edu.br\/pre\/wp-json\/wp\/v2\/posts\/2238\/revisions"}],"predecessor-version":[{"id":2280,"href":"https:\/\/wp.ufpel.edu.br\/pre\/wp-json\/wp\/v2\/posts\/2238\/revisions\/2280"}],"wp:attachment":[{"href":"https:\/\/wp.ufpel.edu.br\/pre\/wp-json\/wp\/v2\/media?parent=2238"}],"wp:term":[{"taxonomy":"category","embeddable":true,"href":"https:\/\/wp.ufpel.edu.br\/pre\/wp-json\/wp\/v2\/categories?post=2238"},{"taxonomy":"post_tag","embeddable":true,"href":"https:\/\/wp.ufpel.edu.br\/pre\/wp-json\/wp\/v2\/tags?post=2238"}],"curies":[{"name":"wp","href":"https:\/\/api.w.org\/{rel}","templated":true}]}}