{"id":9405,"date":"2020-03-05T09:50:10","date_gmt":"2020-03-05T12:50:10","guid":{"rendered":"https:\/\/wp.ufpel.edu.br\/prae\/?p=9405"},"modified":"2020-07-09T13:06:50","modified_gmt":"2020-07-09T16:06:50","slug":"resultado-parcial-edital-prae-02-2020","status":"publish","type":"post","link":"https:\/\/wp.ufpel.edu.br\/prae\/2020\/03\/05\/resultado-parcial-edital-prae-02-2020\/","title":{"rendered":"Resultado Parcial Edital vinculado PRAE 02\/2020"},"content":{"rendered":"<p>A\u00a0<strong>Pr\u00f3-Reitoria de Assuntos Estudantis<\/strong>, atrav\u00e9s do\u00a0<strong>N\u00facleo de Servi\u00e7o Social<\/strong>\u00a0da\u00a0<strong>Coordena\u00e7\u00e3o de Integra\u00e7\u00e3o Estudantil<\/strong>, torna p\u00fablico o\u00a0<b>Resultado Parcial do Edital PRAE 02\/2020<\/b>, ingressantes cotistas PAVE &#8211; Chamada Regular 2020\/1.<\/p>\n<p>&nbsp;<\/p>\n<p><a class=\"mtli_attachment mtli_pdf mtli_attachment mtli_pdf mtli_attachment mtli_pdf mtli_attachment mtli_pdf mtli_attachment mtli_pdf mtli_attachment mtli_pdf\" href=\"https:\/\/wp.ufpel.edu.br\/prae\/files\/2019\/12\/SEI_23110.055448_2019_37.pdf\" target=\"_blank\" rel=\"noopener noreferrer\">Resultado Parcial Edital vinculado PRAE 02\/202o<\/a><\/p>\n","protected":false},"excerpt":{"rendered":"<p>A\u00a0Pr\u00f3-Reitoria de Assuntos Estudantis, atrav\u00e9s do\u00a0N\u00facleo de Servi\u00e7o Social\u00a0da\u00a0Coordena\u00e7\u00e3o de Integra\u00e7\u00e3o Estudantil, torna p\u00fablico o\u00a0Resultado Parcial do Edital PRAE 02\/2020, ingressantes cotistas PAVE &#8211; Chamada Regular 2020\/1. &nbsp; Resultado Parcial Edital vinculado PRAE 02\/202o<\/p>\n","protected":false},"author":229,"featured_media":0,"comment_status":"closed","ping_status":"closed","sticky":false,"template":"","format":"standard","meta":{"footnotes":""},"categories":[1],"tags":[],"class_list":["post-9405","post","type-post","status-publish","format-standard","hentry","category-noticias"],"jetpack_featured_media_url":"","_links":{"self":[{"href":"https:\/\/wp.ufpel.edu.br\/prae\/wp-json\/wp\/v2\/posts\/9405","targetHints":{"allow":["GET"]}}],"collection":[{"href":"https:\/\/wp.ufpel.edu.br\/prae\/wp-json\/wp\/v2\/posts"}],"about":[{"href":"https:\/\/wp.ufpel.edu.br\/prae\/wp-json\/wp\/v2\/types\/post"}],"author":[{"embeddable":true,"href":"https:\/\/wp.ufpel.edu.br\/prae\/wp-json\/wp\/v2\/users\/229"}],"replies":[{"embeddable":true,"href":"https:\/\/wp.ufpel.edu.br\/prae\/wp-json\/wp\/v2\/comments?post=9405"}],"version-history":[{"count":7,"href":"https:\/\/wp.ufpel.edu.br\/prae\/wp-json\/wp\/v2\/posts\/9405\/revisions"}],"predecessor-version":[{"id":9934,"href":"https:\/\/wp.ufpel.edu.br\/prae\/wp-json\/wp\/v2\/posts\/9405\/revisions\/9934"}],"wp:attachment":[{"href":"https:\/\/wp.ufpel.edu.br\/prae\/wp-json\/wp\/v2\/media?parent=9405"}],"wp:term":[{"taxonomy":"category","embeddable":true,"href":"https:\/\/wp.ufpel.edu.br\/prae\/wp-json\/wp\/v2\/categories?post=9405"},{"taxonomy":"post_tag","embeddable":true,"href":"https:\/\/wp.ufpel.edu.br\/prae\/wp-json\/wp\/v2\/tags?post=9405"}],"curies":[{"name":"wp","href":"https:\/\/api.w.org\/{rel}","templated":true}]}}