{"id":9308,"date":"2020-02-04T08:48:59","date_gmt":"2020-02-04T11:48:59","guid":{"rendered":"https:\/\/wp.ufpel.edu.br\/prae\/?p=9308"},"modified":"2020-02-05T10:41:08","modified_gmt":"2020-02-05T13:41:08","slug":"resultado-avaliacao-de-rendimento-academico-2019-2","status":"publish","type":"post","link":"https:\/\/wp.ufpel.edu.br\/prae\/2020\/02\/04\/resultado-avaliacao-de-rendimento-academico-2019-2\/","title":{"rendered":"Resultado Avalia\u00e7\u00e3o de Rendimento Acad\u00eamico 2019-2"},"content":{"rendered":"<p>A PRAE torna p\u00fablico o\u00a0<b>resultado<\/b>\u00a0da\u00a0<b>avalia\u00e7\u00e3o de rendimento acad\u00eamico 2019\/2<\/b> para os discentes que enviaram justificativa em tempo h\u00e1bil.<\/p>\n<p>Os encaminhamentos podem ser conferidos neste link:\u00a0<a href=\"https:\/\/wp.ufpel.edu.br\/prae\/files\/2020\/02\/Resultado-2019_2.pdf\">Resultado da avalia\u00e7\u00e3o de Rendimento Acad\u00eamico 2019-2<\/a><span style=\"color: #ff0000\">\u00a0 [atualizado em 5\/2\/20 \u00e0s 10:40h]<\/span><\/p>\n<ul>\n<li>Confira as fases da avalia\u00e7\u00e3o 2019\/2:\u00a0<a href=\"https:\/\/wp.ufpel.edu.br\/prae\/2019\/12\/10\/avaliacao-de-rendimento-academico-2019-2\/\">https:\/\/wp.ufpel.edu.br\/prae\/2019\/12\/10\/avaliacao-de-rendimento-academico-2019-2\/<\/a><\/li>\n<li>Confira o chamamento para a fase 2:\u00a0<a href=\"https:\/\/wp.ufpel.edu.br\/prae\/2019\/12\/27\/chamado-para-justificativa-de-rendimento-academico-insuficiente-2019-2\/\">https:\/\/wp.ufpel.edu.br\/prae\/2019\/12\/27\/chamado-para-justificativa-de-rendimento-academico-insuficiente-2019-2\/<\/a><\/li>\n<\/ul>\n","protected":false},"excerpt":{"rendered":"<p>A PRAE torna p\u00fablico o\u00a0resultado\u00a0da\u00a0avalia\u00e7\u00e3o de rendimento acad\u00eamico 2019\/2 para os discentes que enviaram justificativa em tempo h\u00e1bil. Os encaminhamentos podem ser conferidos neste link:\u00a0Resultado da avalia\u00e7\u00e3o de Rendimento Acad\u00eamico 2019-2\u00a0 [atualizado em 5\/2\/20 \u00e0s 10:40h] Confira as fases da avalia\u00e7\u00e3o 2019\/2:\u00a0https:\/\/wp.ufpel.edu.br\/prae\/2019\/12\/10\/avaliacao-de-rendimento-academico-2019-2\/ Confira o chamamento para a fase 2:\u00a0https:\/\/wp.ufpel.edu.br\/prae\/2019\/12\/27\/chamado-para-justificativa-de-rendimento-academico-insuficiente-2019-2\/<\/p>\n","protected":false},"author":229,"featured_media":0,"comment_status":"closed","ping_status":"closed","sticky":false,"template":"","format":"standard","meta":{"footnotes":""},"categories":[1],"tags":[],"class_list":["post-9308","post","type-post","status-publish","format-standard","hentry","category-noticias"],"jetpack_featured_media_url":"","_links":{"self":[{"href":"https:\/\/wp.ufpel.edu.br\/prae\/wp-json\/wp\/v2\/posts\/9308","targetHints":{"allow":["GET"]}}],"collection":[{"href":"https:\/\/wp.ufpel.edu.br\/prae\/wp-json\/wp\/v2\/posts"}],"about":[{"href":"https:\/\/wp.ufpel.edu.br\/prae\/wp-json\/wp\/v2\/types\/post"}],"author":[{"embeddable":true,"href":"https:\/\/wp.ufpel.edu.br\/prae\/wp-json\/wp\/v2\/users\/229"}],"replies":[{"embeddable":true,"href":"https:\/\/wp.ufpel.edu.br\/prae\/wp-json\/wp\/v2\/comments?post=9308"}],"version-history":[{"count":7,"href":"https:\/\/wp.ufpel.edu.br\/prae\/wp-json\/wp\/v2\/posts\/9308\/revisions"}],"predecessor-version":[{"id":9324,"href":"https:\/\/wp.ufpel.edu.br\/prae\/wp-json\/wp\/v2\/posts\/9308\/revisions\/9324"}],"wp:attachment":[{"href":"https:\/\/wp.ufpel.edu.br\/prae\/wp-json\/wp\/v2\/media?parent=9308"}],"wp:term":[{"taxonomy":"category","embeddable":true,"href":"https:\/\/wp.ufpel.edu.br\/prae\/wp-json\/wp\/v2\/categories?post=9308"},{"taxonomy":"post_tag","embeddable":true,"href":"https:\/\/wp.ufpel.edu.br\/prae\/wp-json\/wp\/v2\/tags?post=9308"}],"curies":[{"name":"wp","href":"https:\/\/api.w.org\/{rel}","templated":true}]}}