{"id":9272,"date":"2020-01-09T12:16:48","date_gmt":"2020-01-09T15:16:48","guid":{"rendered":"https:\/\/wp.ufpel.edu.br\/prae\/?p=9272"},"modified":"2020-01-09T12:16:48","modified_gmt":"2020-01-09T15:16:48","slug":"edital-de-reopcao-reingresso-transferencia-e-portador-de-diploma-2020-1","status":"publish","type":"post","link":"https:\/\/wp.ufpel.edu.br\/prae\/2020\/01\/09\/edital-de-reopcao-reingresso-transferencia-e-portador-de-diploma-2020-1\/","title":{"rendered":"Edital de reop\u00e7\u00e3o, reingresso, transfer\u00eancia e portador de diploma 2020\/1"},"content":{"rendered":"<p>A PRAE informa que j\u00e1 est\u00e1 dispon\u00edvel o Edital 03 de reop\u00e7\u00e3o, reingresso, transfer\u00eancia e portador de diploma para o semestre 2020\/1.<\/p>\n<p>Acesse aqui <a href=\"https:\/\/wp.ufpel.edu.br\/prae\/files\/2020\/01\/Edital-PRAE-03.pdf\">Edital PRAE 03<\/a><\/p>\n","protected":false},"excerpt":{"rendered":"<p>A PRAE informa que j\u00e1 est\u00e1 dispon\u00edvel o Edital 03 de reop\u00e7\u00e3o, reingresso, transfer\u00eancia e portador de diploma para o semestre 2020\/1. Acesse aqui Edital PRAE 03<\/p>\n","protected":false},"author":229,"featured_media":0,"comment_status":"closed","ping_status":"closed","sticky":false,"template":"","format":"standard","meta":{"footnotes":""},"categories":[1],"tags":[],"class_list":["post-9272","post","type-post","status-publish","format-standard","hentry","category-noticias"],"jetpack_featured_media_url":"","_links":{"self":[{"href":"https:\/\/wp.ufpel.edu.br\/prae\/wp-json\/wp\/v2\/posts\/9272","targetHints":{"allow":["GET"]}}],"collection":[{"href":"https:\/\/wp.ufpel.edu.br\/prae\/wp-json\/wp\/v2\/posts"}],"about":[{"href":"https:\/\/wp.ufpel.edu.br\/prae\/wp-json\/wp\/v2\/types\/post"}],"author":[{"embeddable":true,"href":"https:\/\/wp.ufpel.edu.br\/prae\/wp-json\/wp\/v2\/users\/229"}],"replies":[{"embeddable":true,"href":"https:\/\/wp.ufpel.edu.br\/prae\/wp-json\/wp\/v2\/comments?post=9272"}],"version-history":[{"count":2,"href":"https:\/\/wp.ufpel.edu.br\/prae\/wp-json\/wp\/v2\/posts\/9272\/revisions"}],"predecessor-version":[{"id":9275,"href":"https:\/\/wp.ufpel.edu.br\/prae\/wp-json\/wp\/v2\/posts\/9272\/revisions\/9275"}],"wp:attachment":[{"href":"https:\/\/wp.ufpel.edu.br\/prae\/wp-json\/wp\/v2\/media?parent=9272"}],"wp:term":[{"taxonomy":"category","embeddable":true,"href":"https:\/\/wp.ufpel.edu.br\/prae\/wp-json\/wp\/v2\/categories?post=9272"},{"taxonomy":"post_tag","embeddable":true,"href":"https:\/\/wp.ufpel.edu.br\/prae\/wp-json\/wp\/v2\/tags?post=9272"}],"curies":[{"name":"wp","href":"https:\/\/api.w.org\/{rel}","templated":true}]}}