{"id":9182,"date":"2019-12-13T19:43:38","date_gmt":"2019-12-13T22:43:38","guid":{"rendered":"https:\/\/wp.ufpel.edu.br\/prae\/?p=9182"},"modified":"2019-12-13T19:43:54","modified_gmt":"2019-12-13T22:43:54","slug":"formatura-institucional-resumo-da-reuniao-de-13-12","status":"publish","type":"post","link":"https:\/\/wp.ufpel.edu.br\/prae\/2019\/12\/13\/formatura-institucional-resumo-da-reuniao-de-13-12\/","title":{"rendered":"Formatura Institucional &#8211; Resumo da reuni\u00e3o de 13\/12"},"content":{"rendered":"<p>A PRAE torna p\u00fablico todas as informa\u00e7\u00f5es discutidas na reuni\u00e3o ocorrida no dia 13\/12 sobre a Formatura Institucional.<\/p>\n<p>Confira no anexo tudo sobre os dias de ensaio, hor\u00e1rios do transporte de apoio, log\u00edstica das cerim\u00f4nias, entre outros.<\/p>\n<p><a href=\"https:\/\/wp.ufpel.edu.br\/prae\/files\/2019\/12\/Informes-Formatura-Institucional_13dez_pos-reuniao.pdf\">Informes Formatura Institucional_13dez_pos reuniao<\/a><\/p>\n<p>&nbsp;<\/p>\n<p>Em caso de d\u00favidas, contate a Coordena\u00e7\u00e3o de Pol\u00edticas Estudantis (CPE) &#8211; cpe.prae.ufpel@gmail.com<\/p>\n<p>&nbsp;<\/p>\n<p>&nbsp;<\/p>\n","protected":false},"excerpt":{"rendered":"<p>A PRAE torna p\u00fablico todas as informa\u00e7\u00f5es discutidas na reuni\u00e3o ocorrida no dia 13\/12 sobre a Formatura Institucional. Confira no anexo tudo sobre os dias de ensaio, hor\u00e1rios do transporte de apoio, log\u00edstica das cerim\u00f4nias, entre outros. Informes Formatura Institucional_13dez_pos reuniao &nbsp; Em caso de d\u00favidas, contate a Coordena\u00e7\u00e3o de Pol\u00edticas Estudantis (CPE) &#8211; cpe.prae.ufpel@gmail.com &hellip; <\/p>\n<p class=\"link-more\"><a href=\"https:\/\/wp.ufpel.edu.br\/prae\/2019\/12\/13\/formatura-institucional-resumo-da-reuniao-de-13-12\/\" class=\"more-link\">Continue lendo<span class=\"screen-reader-text\"> &#8220;Formatura Institucional &#8211; Resumo da reuni\u00e3o de 13\/12&#8221;<\/span><\/a><\/p>\n","protected":false},"author":229,"featured_media":0,"comment_status":"closed","ping_status":"closed","sticky":false,"template":"","format":"standard","meta":{"footnotes":""},"categories":[1,76156],"tags":[],"class_list":["post-9182","post","type-post","status-publish","format-standard","hentry","category-noticias","category-formaturas-institucionais-noticias"],"jetpack_featured_media_url":"","_links":{"self":[{"href":"https:\/\/wp.ufpel.edu.br\/prae\/wp-json\/wp\/v2\/posts\/9182","targetHints":{"allow":["GET"]}}],"collection":[{"href":"https:\/\/wp.ufpel.edu.br\/prae\/wp-json\/wp\/v2\/posts"}],"about":[{"href":"https:\/\/wp.ufpel.edu.br\/prae\/wp-json\/wp\/v2\/types\/post"}],"author":[{"embeddable":true,"href":"https:\/\/wp.ufpel.edu.br\/prae\/wp-json\/wp\/v2\/users\/229"}],"replies":[{"embeddable":true,"href":"https:\/\/wp.ufpel.edu.br\/prae\/wp-json\/wp\/v2\/comments?post=9182"}],"version-history":[{"count":1,"href":"https:\/\/wp.ufpel.edu.br\/prae\/wp-json\/wp\/v2\/posts\/9182\/revisions"}],"predecessor-version":[{"id":9185,"href":"https:\/\/wp.ufpel.edu.br\/prae\/wp-json\/wp\/v2\/posts\/9182\/revisions\/9185"}],"wp:attachment":[{"href":"https:\/\/wp.ufpel.edu.br\/prae\/wp-json\/wp\/v2\/media?parent=9182"}],"wp:term":[{"taxonomy":"category","embeddable":true,"href":"https:\/\/wp.ufpel.edu.br\/prae\/wp-json\/wp\/v2\/categories?post=9182"},{"taxonomy":"post_tag","embeddable":true,"href":"https:\/\/wp.ufpel.edu.br\/prae\/wp-json\/wp\/v2\/tags?post=9182"}],"curies":[{"name":"wp","href":"https:\/\/api.w.org\/{rel}","templated":true}]}}