{"id":9177,"date":"2019-12-13T14:59:17","date_gmt":"2019-12-13T17:59:17","guid":{"rendered":"https:\/\/wp.ufpel.edu.br\/prae\/?p=9177"},"modified":"2019-12-13T14:59:17","modified_gmt":"2019-12-13T17:59:17","slug":"resultado-final-edital-prae-15-2019-selecao-permanente","status":"publish","type":"post","link":"https:\/\/wp.ufpel.edu.br\/prae\/2019\/12\/13\/resultado-final-edital-prae-15-2019-selecao-permanente\/","title":{"rendered":"Resultado Final Edital PRAE 15\/2019 \u2013 Sele\u00e7\u00e3o Permanente"},"content":{"rendered":"<p>A Pr\u00f3-Reitoria de Assuntos Estudantis, atrav\u00e9s do N\u00facleo de Servi\u00e7o Social da Coordena\u00e7\u00e3o de Integra\u00e7\u00e3o Estudantil, torna p\u00fablico o Resultado Final\u00a0 do Edital PRAE 15\/2019, Modalidade Sele\u00e7\u00e3o Permanente, para solicitantes de benef\u00edcios 2019\/2.<\/p>\n<p><a href=\"https:\/\/wp.ufpel.edu.br\/prae\/files\/2019\/10\/Edital-15-2019-Modalidade-Sele\u00e7\u00e3o-Permanente-1.pdf\">Resultado Final Edital PRAE 15\/2019 \u2013 Modalidade Sele\u00e7\u00e3o Permanente<\/a><\/p>\n","protected":false},"excerpt":{"rendered":"<p>A Pr\u00f3-Reitoria de Assuntos Estudantis, atrav\u00e9s do N\u00facleo de Servi\u00e7o Social da Coordena\u00e7\u00e3o de Integra\u00e7\u00e3o Estudantil, torna p\u00fablico o Resultado Final\u00a0 do Edital PRAE 15\/2019, Modalidade Sele\u00e7\u00e3o Permanente, para solicitantes de benef\u00edcios 2019\/2. Resultado Final Edital PRAE 15\/2019 \u2013 Modalidade Sele\u00e7\u00e3o Permanente<\/p>\n","protected":false},"author":229,"featured_media":0,"comment_status":"closed","ping_status":"closed","sticky":false,"template":"","format":"standard","meta":{"footnotes":""},"categories":[1],"tags":[],"class_list":["post-9177","post","type-post","status-publish","format-standard","hentry","category-noticias"],"jetpack_featured_media_url":"","_links":{"self":[{"href":"https:\/\/wp.ufpel.edu.br\/prae\/wp-json\/wp\/v2\/posts\/9177","targetHints":{"allow":["GET"]}}],"collection":[{"href":"https:\/\/wp.ufpel.edu.br\/prae\/wp-json\/wp\/v2\/posts"}],"about":[{"href":"https:\/\/wp.ufpel.edu.br\/prae\/wp-json\/wp\/v2\/types\/post"}],"author":[{"embeddable":true,"href":"https:\/\/wp.ufpel.edu.br\/prae\/wp-json\/wp\/v2\/users\/229"}],"replies":[{"embeddable":true,"href":"https:\/\/wp.ufpel.edu.br\/prae\/wp-json\/wp\/v2\/comments?post=9177"}],"version-history":[{"count":1,"href":"https:\/\/wp.ufpel.edu.br\/prae\/wp-json\/wp\/v2\/posts\/9177\/revisions"}],"predecessor-version":[{"id":9179,"href":"https:\/\/wp.ufpel.edu.br\/prae\/wp-json\/wp\/v2\/posts\/9177\/revisions\/9179"}],"wp:attachment":[{"href":"https:\/\/wp.ufpel.edu.br\/prae\/wp-json\/wp\/v2\/media?parent=9177"}],"wp:term":[{"taxonomy":"category","embeddable":true,"href":"https:\/\/wp.ufpel.edu.br\/prae\/wp-json\/wp\/v2\/categories?post=9177"},{"taxonomy":"post_tag","embeddable":true,"href":"https:\/\/wp.ufpel.edu.br\/prae\/wp-json\/wp\/v2\/tags?post=9177"}],"curies":[{"name":"wp","href":"https:\/\/api.w.org\/{rel}","templated":true}]}}