{"id":9138,"date":"2019-12-05T10:36:55","date_gmt":"2019-12-05T13:36:55","guid":{"rendered":"https:\/\/wp.ufpel.edu.br\/prae\/?p=9138"},"modified":"2019-12-05T10:36:55","modified_gmt":"2019-12-05T13:36:55","slug":"formatura-institucional-reuniao-com-formandos","status":"publish","type":"post","link":"https:\/\/wp.ufpel.edu.br\/prae\/2019\/12\/05\/formatura-institucional-reuniao-com-formandos\/","title":{"rendered":"Formatura Institucional \u2013 Reuni\u00e3o com formandos"},"content":{"rendered":"<p>A reuni\u00e3o que tratar\u00e1 dos \u00faltimos detalhes sobre a Formatura Institucional de 2019-2 ser\u00e1 realizada dia 13 de dezembro, no Audit\u00f3rio T\u00e9rreo do Campus II (Rua Almirante Barroso, 1202), conforme as turmas e hor\u00e1rios abaixo descritos:<\/p>\n<p>&nbsp;<\/p>\n<p>17h &#8211; Turmas das Cerim\u00f4nias do dia 30\/01<\/p>\n<p>17h45 &#8211; Turmas das Cerim\u00f4nias do dia 31\/01<\/p>\n<p>18h30 &#8211; Turmas das Cerim\u00f4nias do dia 01\/02<\/p>\n<p>&nbsp;<\/p>\n<p>A empresa respons\u00e1vel pela formatura estar\u00e1 realizando o atendimento aos formandos a partir das 10h no sagu\u00e3o do Campus II para a tomada de medidas das togas. Considerando o grande n\u00famero de formandos, solicitamos que aqueles que puderem, procurem o atendimento com a maior anteced\u00eancia poss\u00edvel ao hor\u00e1rio de sua reuni\u00e3o.<\/p>\n<p>&nbsp;<\/p>\n<p>Pautas da reuni\u00e3o:<\/p>\n<p>&#8211; Informes sobre dias e hor\u00e1rios do ensaio geral<\/p>\n<p>&#8211; Informes sobre a log\u00edstica de transporte nos dias de ensaio e das formaturas<\/p>\n<p>&#8211; Defini\u00e7\u00e3o dos Juramentistas das cerim\u00f4nias<\/p>\n<p>&#8211; Orienta\u00e7\u00f5es sobre a entrega dos convites<\/p>\n<p>&#8211; Informes sobre a log\u00edstica de cada cerim\u00f4nia<\/p>\n<p>&nbsp;<\/p>\n<p>Estudantes que n\u00e3o puderem comparecer na reuni\u00e3o devem comunicar pelo email <a href=\"mailto:cpe.prae.ufpel@gmail.com\">cpe.prae.ufpel@gmail.com<\/a><\/p>\n","protected":false},"excerpt":{"rendered":"<p>A reuni\u00e3o que tratar\u00e1 dos \u00faltimos detalhes sobre a Formatura Institucional de 2019-2 ser\u00e1 realizada dia 13 de dezembro, no Audit\u00f3rio T\u00e9rreo do Campus II (Rua Almirante Barroso, 1202), conforme as turmas e hor\u00e1rios abaixo descritos: &nbsp; 17h &#8211; Turmas das Cerim\u00f4nias do dia 30\/01 17h45 &#8211; Turmas das Cerim\u00f4nias do dia 31\/01 18h30 &#8211; &hellip; <\/p>\n<p class=\"link-more\"><a href=\"https:\/\/wp.ufpel.edu.br\/prae\/2019\/12\/05\/formatura-institucional-reuniao-com-formandos\/\" class=\"more-link\">Continue lendo<span class=\"screen-reader-text\"> &#8220;Formatura Institucional \u2013 Reuni\u00e3o com formandos&#8221;<\/span><\/a><\/p>\n","protected":false},"author":229,"featured_media":0,"comment_status":"closed","ping_status":"closed","sticky":false,"template":"","format":"standard","meta":{"footnotes":""},"categories":[1,76156],"tags":[],"class_list":["post-9138","post","type-post","status-publish","format-standard","hentry","category-noticias","category-formaturas-institucionais-noticias"],"jetpack_featured_media_url":"","_links":{"self":[{"href":"https:\/\/wp.ufpel.edu.br\/prae\/wp-json\/wp\/v2\/posts\/9138","targetHints":{"allow":["GET"]}}],"collection":[{"href":"https:\/\/wp.ufpel.edu.br\/prae\/wp-json\/wp\/v2\/posts"}],"about":[{"href":"https:\/\/wp.ufpel.edu.br\/prae\/wp-json\/wp\/v2\/types\/post"}],"author":[{"embeddable":true,"href":"https:\/\/wp.ufpel.edu.br\/prae\/wp-json\/wp\/v2\/users\/229"}],"replies":[{"embeddable":true,"href":"https:\/\/wp.ufpel.edu.br\/prae\/wp-json\/wp\/v2\/comments?post=9138"}],"version-history":[{"count":1,"href":"https:\/\/wp.ufpel.edu.br\/prae\/wp-json\/wp\/v2\/posts\/9138\/revisions"}],"predecessor-version":[{"id":9140,"href":"https:\/\/wp.ufpel.edu.br\/prae\/wp-json\/wp\/v2\/posts\/9138\/revisions\/9140"}],"wp:attachment":[{"href":"https:\/\/wp.ufpel.edu.br\/prae\/wp-json\/wp\/v2\/media?parent=9138"}],"wp:term":[{"taxonomy":"category","embeddable":true,"href":"https:\/\/wp.ufpel.edu.br\/prae\/wp-json\/wp\/v2\/categories?post=9138"},{"taxonomy":"post_tag","embeddable":true,"href":"https:\/\/wp.ufpel.edu.br\/prae\/wp-json\/wp\/v2\/tags?post=9138"}],"curies":[{"name":"wp","href":"https:\/\/api.w.org\/{rel}","templated":true}]}}