{"id":9070,"date":"2019-11-22T19:30:51","date_gmt":"2019-11-22T22:30:51","guid":{"rendered":"https:\/\/wp.ufpel.edu.br\/prae\/?p=9070"},"modified":"2019-11-22T19:30:51","modified_gmt":"2019-11-22T22:30:51","slug":"reuniao-formatura-institucional-22-11-definicoes","status":"publish","type":"post","link":"https:\/\/wp.ufpel.edu.br\/prae\/2019\/11\/22\/reuniao-formatura-institucional-22-11-definicoes\/","title":{"rendered":"Reuni\u00e3o Formatura Institucional &#8211; 22\/11 &#8211; Defini\u00e7\u00f5es"},"content":{"rendered":"<p>Em reuni\u00e3o realizada hoje no gin\u00e1sio da AABB foram definidas as datas das cerim\u00f4nias de cada turma para Formatura Institucional. Detalhes da reuni\u00e3o podem ser obtidos no anexo.<\/p>\n<p>&nbsp;<\/p>\n<p><a href=\"https:\/\/wp.ufpel.edu.br\/prae\/files\/2019\/11\/Informes-Formatura-Institucional_22nov_pos-reuniao.pdf\">Informes Formatura Institucional_22nov_pos reuniao<\/a><\/p>\n<p>&nbsp;<\/p>\n<p>Em breve ser\u00e3o divulgadas informa\u00e7\u00f5es sobre as reuni\u00f5es do dia 13\/12.<\/p>\n","protected":false},"excerpt":{"rendered":"<p>Em reuni\u00e3o realizada hoje no gin\u00e1sio da AABB foram definidas as datas das cerim\u00f4nias de cada turma para Formatura Institucional. Detalhes da reuni\u00e3o podem ser obtidos no anexo. &nbsp; Informes Formatura Institucional_22nov_pos reuniao &nbsp; Em breve ser\u00e3o divulgadas informa\u00e7\u00f5es sobre as reuni\u00f5es do dia 13\/12.<\/p>\n","protected":false},"author":229,"featured_media":0,"comment_status":"closed","ping_status":"closed","sticky":false,"template":"","format":"standard","meta":{"footnotes":""},"categories":[76157,76163,1,76156],"tags":[],"class_list":["post-9070","post","type-post","status-publish","format-standard","hentry","category-cpe-noticias","category-formaturas-institucionais-editais-2019","category-noticias","category-formaturas-institucionais-noticias"],"jetpack_featured_media_url":"","_links":{"self":[{"href":"https:\/\/wp.ufpel.edu.br\/prae\/wp-json\/wp\/v2\/posts\/9070","targetHints":{"allow":["GET"]}}],"collection":[{"href":"https:\/\/wp.ufpel.edu.br\/prae\/wp-json\/wp\/v2\/posts"}],"about":[{"href":"https:\/\/wp.ufpel.edu.br\/prae\/wp-json\/wp\/v2\/types\/post"}],"author":[{"embeddable":true,"href":"https:\/\/wp.ufpel.edu.br\/prae\/wp-json\/wp\/v2\/users\/229"}],"replies":[{"embeddable":true,"href":"https:\/\/wp.ufpel.edu.br\/prae\/wp-json\/wp\/v2\/comments?post=9070"}],"version-history":[{"count":1,"href":"https:\/\/wp.ufpel.edu.br\/prae\/wp-json\/wp\/v2\/posts\/9070\/revisions"}],"predecessor-version":[{"id":9073,"href":"https:\/\/wp.ufpel.edu.br\/prae\/wp-json\/wp\/v2\/posts\/9070\/revisions\/9073"}],"wp:attachment":[{"href":"https:\/\/wp.ufpel.edu.br\/prae\/wp-json\/wp\/v2\/media?parent=9070"}],"wp:term":[{"taxonomy":"category","embeddable":true,"href":"https:\/\/wp.ufpel.edu.br\/prae\/wp-json\/wp\/v2\/categories?post=9070"},{"taxonomy":"post_tag","embeddable":true,"href":"https:\/\/wp.ufpel.edu.br\/prae\/wp-json\/wp\/v2\/tags?post=9070"}],"curies":[{"name":"wp","href":"https:\/\/api.w.org\/{rel}","templated":true}]}}