{"id":8929,"date":"2019-10-25T11:31:57","date_gmt":"2019-10-25T14:31:57","guid":{"rendered":"https:\/\/wp.ufpel.edu.br\/prae\/?p=8929"},"modified":"2019-10-25T11:31:57","modified_gmt":"2019-10-25T14:31:57","slug":"homologacoes-formatura-institucional-2019-2","status":"publish","type":"post","link":"https:\/\/wp.ufpel.edu.br\/prae\/2019\/10\/25\/homologacoes-formatura-institucional-2019-2\/","title":{"rendered":"Homologa\u00e7\u00f5es Formatura Institucional 2019\/2"},"content":{"rendered":"<p>A <strong>Coordena\u00e7\u00e3o de Pol\u00edticas Estudantis<\/strong> torna p\u00fablica a listagem de candidatos inscritos e homologados para a Cerim\u00f4nia de Outorga de Grau Institucional para formandos 2019\/2 \u2013 Edital CPE\/PRAE 03 \/2019.<\/p>\n<p>&nbsp;<\/p>\n<p><a href=\"https:\/\/wp.ufpel.edu.br\/prae\/files\/2019\/09\/SEI_23110.039165_2019_48_Formatura_institucional_2019_2.pdf\">Edital_Formatura Institucional 2019-2<\/a><\/p>\n","protected":false},"excerpt":{"rendered":"<p>A Coordena\u00e7\u00e3o de Pol\u00edticas Estudantis torna p\u00fablica a listagem de candidatos inscritos e homologados para a Cerim\u00f4nia de Outorga de Grau Institucional para formandos 2019\/2 \u2013 Edital CPE\/PRAE 03 \/2019. &nbsp; Edital_Formatura Institucional 2019-2<\/p>\n","protected":false},"author":229,"featured_media":0,"comment_status":"closed","ping_status":"closed","sticky":false,"template":"","format":"standard","meta":{"footnotes":""},"categories":[38890,76163,76162,76156],"tags":[],"class_list":["post-8929","post","type-post","status-publish","format-standard","hentry","category-editais-politica-estudantil","category-formaturas-institucionais-editais-2019","category-editais-formaturas-institucionais","category-formaturas-institucionais-noticias"],"jetpack_featured_media_url":"","_links":{"self":[{"href":"https:\/\/wp.ufpel.edu.br\/prae\/wp-json\/wp\/v2\/posts\/8929","targetHints":{"allow":["GET"]}}],"collection":[{"href":"https:\/\/wp.ufpel.edu.br\/prae\/wp-json\/wp\/v2\/posts"}],"about":[{"href":"https:\/\/wp.ufpel.edu.br\/prae\/wp-json\/wp\/v2\/types\/post"}],"author":[{"embeddable":true,"href":"https:\/\/wp.ufpel.edu.br\/prae\/wp-json\/wp\/v2\/users\/229"}],"replies":[{"embeddable":true,"href":"https:\/\/wp.ufpel.edu.br\/prae\/wp-json\/wp\/v2\/comments?post=8929"}],"version-history":[{"count":1,"href":"https:\/\/wp.ufpel.edu.br\/prae\/wp-json\/wp\/v2\/posts\/8929\/revisions"}],"predecessor-version":[{"id":8931,"href":"https:\/\/wp.ufpel.edu.br\/prae\/wp-json\/wp\/v2\/posts\/8929\/revisions\/8931"}],"wp:attachment":[{"href":"https:\/\/wp.ufpel.edu.br\/prae\/wp-json\/wp\/v2\/media?parent=8929"}],"wp:term":[{"taxonomy":"category","embeddable":true,"href":"https:\/\/wp.ufpel.edu.br\/prae\/wp-json\/wp\/v2\/categories?post=8929"},{"taxonomy":"post_tag","embeddable":true,"href":"https:\/\/wp.ufpel.edu.br\/prae\/wp-json\/wp\/v2\/tags?post=8929"}],"curies":[{"name":"wp","href":"https:\/\/api.w.org\/{rel}","templated":true}]}}