{"id":8916,"date":"2019-10-24T16:01:00","date_gmt":"2019-10-24T19:01:00","guid":{"rendered":"https:\/\/wp.ufpel.edu.br\/prae\/?p=8916"},"modified":"2019-10-24T18:34:56","modified_gmt":"2019-10-24T21:34:56","slug":"resultado-pos-recurso-do-edital-11-2019-prae-modalidade-selecao-permanente","status":"publish","type":"post","link":"https:\/\/wp.ufpel.edu.br\/prae\/2019\/10\/24\/resultado-pos-recurso-do-edital-11-2019-prae-modalidade-selecao-permanente\/","title":{"rendered":"Resultado P\u00f3s-Recursos Edital PRAE 11\/2019 &#8211; Sele\u00e7\u00e3o Permanente"},"content":{"rendered":"<p>A\u00a0<strong>Pr\u00f3-Reitoria de Assuntos Estudantis<\/strong>, atrav\u00e9s do\u00a0<strong>N\u00facleo de Servi\u00e7o Social<\/strong>\u00a0da\u00a0<strong>Coordena\u00e7\u00e3o de Integra\u00e7\u00e3o Estudantil<\/strong>, torna p\u00fablico o\u00a0<b>Resultado P\u00f3s-Recursos do Edital PRAE 11\/2019<\/b>, Modalidade Sele\u00e7\u00e3o Permanente, para solicitantes de benef\u00edcios 2019\/2.<\/p>\n<p><a href=\"https:\/\/wp.ufpel.edu.br\/prae\/files\/2019\/08\/SEI_23110.034713_2019_43_Edital_11.pdf\">Resultado Parcial Edital PRAE 11\/2019 &#8211; Modalidade Sele\u00e7\u00e3o Permanente<\/a><\/p>\n","protected":false},"excerpt":{"rendered":"<p>A\u00a0Pr\u00f3-Reitoria de Assuntos Estudantis, atrav\u00e9s do\u00a0N\u00facleo de Servi\u00e7o Social\u00a0da\u00a0Coordena\u00e7\u00e3o de Integra\u00e7\u00e3o Estudantil, torna p\u00fablico o\u00a0Resultado P\u00f3s-Recursos do Edital PRAE 11\/2019, Modalidade Sele\u00e7\u00e3o Permanente, para solicitantes de benef\u00edcios 2019\/2. Resultado Parcial Edital PRAE 11\/2019 &#8211; Modalidade Sele\u00e7\u00e3o Permanente<\/p>\n","protected":false},"author":229,"featured_media":0,"comment_status":"closed","ping_status":"closed","sticky":false,"template":"","format":"standard","meta":{"footnotes":""},"categories":[1],"tags":[],"class_list":["post-8916","post","type-post","status-publish","format-standard","hentry","category-noticias"],"jetpack_featured_media_url":"","_links":{"self":[{"href":"https:\/\/wp.ufpel.edu.br\/prae\/wp-json\/wp\/v2\/posts\/8916","targetHints":{"allow":["GET"]}}],"collection":[{"href":"https:\/\/wp.ufpel.edu.br\/prae\/wp-json\/wp\/v2\/posts"}],"about":[{"href":"https:\/\/wp.ufpel.edu.br\/prae\/wp-json\/wp\/v2\/types\/post"}],"author":[{"embeddable":true,"href":"https:\/\/wp.ufpel.edu.br\/prae\/wp-json\/wp\/v2\/users\/229"}],"replies":[{"embeddable":true,"href":"https:\/\/wp.ufpel.edu.br\/prae\/wp-json\/wp\/v2\/comments?post=8916"}],"version-history":[{"count":2,"href":"https:\/\/wp.ufpel.edu.br\/prae\/wp-json\/wp\/v2\/posts\/8916\/revisions"}],"predecessor-version":[{"id":8925,"href":"https:\/\/wp.ufpel.edu.br\/prae\/wp-json\/wp\/v2\/posts\/8916\/revisions\/8925"}],"wp:attachment":[{"href":"https:\/\/wp.ufpel.edu.br\/prae\/wp-json\/wp\/v2\/media?parent=8916"}],"wp:term":[{"taxonomy":"category","embeddable":true,"href":"https:\/\/wp.ufpel.edu.br\/prae\/wp-json\/wp\/v2\/categories?post=8916"},{"taxonomy":"post_tag","embeddable":true,"href":"https:\/\/wp.ufpel.edu.br\/prae\/wp-json\/wp\/v2\/tags?post=8916"}],"curies":[{"name":"wp","href":"https:\/\/api.w.org\/{rel}","templated":true}]}}