{"id":8593,"date":"2019-08-15T12:47:40","date_gmt":"2019-08-15T15:47:40","guid":{"rendered":"https:\/\/wp.ufpel.edu.br\/prae\/?p=8593"},"modified":"2019-08-15T12:47:40","modified_gmt":"2019-08-15T15:47:40","slug":"reuniao-de-normas-ingressantes-sisu-e-pave-chamada-regular-2019-2","status":"publish","type":"post","link":"https:\/\/wp.ufpel.edu.br\/prae\/2019\/08\/15\/reuniao-de-normas-ingressantes-sisu-e-pave-chamada-regular-2019-2\/","title":{"rendered":"Reuni\u00e3o de Normas &#8211; ingressantes SISU e PAVE chamada regular 2019\/2"},"content":{"rendered":"<p>A <strong>PRAE<\/strong> informa aos ingressantes pelo <strong>SISU e PAVE 2019\/2<\/strong>, da <strong>Chamada Regular<\/strong>, que a <strong>Reuni\u00e3o de Normas<\/strong> acontecer\u00e1 no dia <strong>16 de agosto de 2019<\/strong>, \u00e0s <strong>15h<\/strong>, no <strong>Audit\u00f3rio do Campus II<\/strong>.<\/p>\n<p>Ser\u00e3o dirimidas d\u00favidas e feitos encaminhamentos, assim como elucida\u00e7\u00e3o sobre os processos de <strong>avalia\u00e7\u00e3o do rendimento acad\u00eamic<\/strong>o de todos os <strong>estudantes bolsistas ingressantes<\/strong>.<\/p>\n<p>Compare\u00e7a!<\/p>\n","protected":false},"excerpt":{"rendered":"<p>A PRAE informa aos ingressantes pelo SISU e PAVE 2019\/2, da Chamada Regular, que a Reuni\u00e3o de Normas acontecer\u00e1 no dia 16 de agosto de 2019, \u00e0s 15h, no Audit\u00f3rio do Campus II. Ser\u00e3o dirimidas d\u00favidas e feitos encaminhamentos, assim como elucida\u00e7\u00e3o sobre os processos de avalia\u00e7\u00e3o do rendimento acad\u00eamico de todos os estudantes bolsistas &hellip; <\/p>\n<p class=\"link-more\"><a href=\"https:\/\/wp.ufpel.edu.br\/prae\/2019\/08\/15\/reuniao-de-normas-ingressantes-sisu-e-pave-chamada-regular-2019-2\/\" class=\"more-link\">Continue lendo<span class=\"screen-reader-text\"> &#8220;Reuni\u00e3o de Normas &#8211; ingressantes SISU e PAVE chamada regular 2019\/2&#8221;<\/span><\/a><\/p>\n","protected":false},"author":229,"featured_media":0,"comment_status":"closed","ping_status":"closed","sticky":false,"template":"","format":"standard","meta":{"footnotes":""},"categories":[1],"tags":[],"class_list":["post-8593","post","type-post","status-publish","format-standard","hentry","category-noticias"],"jetpack_featured_media_url":"","_links":{"self":[{"href":"https:\/\/wp.ufpel.edu.br\/prae\/wp-json\/wp\/v2\/posts\/8593","targetHints":{"allow":["GET"]}}],"collection":[{"href":"https:\/\/wp.ufpel.edu.br\/prae\/wp-json\/wp\/v2\/posts"}],"about":[{"href":"https:\/\/wp.ufpel.edu.br\/prae\/wp-json\/wp\/v2\/types\/post"}],"author":[{"embeddable":true,"href":"https:\/\/wp.ufpel.edu.br\/prae\/wp-json\/wp\/v2\/users\/229"}],"replies":[{"embeddable":true,"href":"https:\/\/wp.ufpel.edu.br\/prae\/wp-json\/wp\/v2\/comments?post=8593"}],"version-history":[{"count":1,"href":"https:\/\/wp.ufpel.edu.br\/prae\/wp-json\/wp\/v2\/posts\/8593\/revisions"}],"predecessor-version":[{"id":8595,"href":"https:\/\/wp.ufpel.edu.br\/prae\/wp-json\/wp\/v2\/posts\/8593\/revisions\/8595"}],"wp:attachment":[{"href":"https:\/\/wp.ufpel.edu.br\/prae\/wp-json\/wp\/v2\/media?parent=8593"}],"wp:term":[{"taxonomy":"category","embeddable":true,"href":"https:\/\/wp.ufpel.edu.br\/prae\/wp-json\/wp\/v2\/categories?post=8593"},{"taxonomy":"post_tag","embeddable":true,"href":"https:\/\/wp.ufpel.edu.br\/prae\/wp-json\/wp\/v2\/tags?post=8593"}],"curies":[{"name":"wp","href":"https:\/\/api.w.org\/{rel}","templated":true}]}}