{"id":8581,"date":"2019-08-14T18:34:29","date_gmt":"2019-08-14T21:34:29","guid":{"rendered":"https:\/\/wp.ufpel.edu.br\/prae\/?p=8581"},"modified":"2019-08-14T18:34:29","modified_gmt":"2019-08-14T21:34:29","slug":"resultado-pos-recursos-edital-prae-06-2019-terceira-convocacao-sisu-e-pave-2019-2","status":"publish","type":"post","link":"https:\/\/wp.ufpel.edu.br\/prae\/2019\/08\/14\/resultado-pos-recursos-edital-prae-06-2019-terceira-convocacao-sisu-e-pave-2019-2\/","title":{"rendered":"Resultado P\u00f3s-Recursos Edital PRAE 06\/2019 &#8211; Terceira Convoca\u00e7\u00e3o SISU e PAVE 2019\/2"},"content":{"rendered":"<p>A\u00a0<strong>Pr\u00f3-Reitoria de Assuntos Estudantis<\/strong>, atrav\u00e9s do\u00a0<strong>N\u00facleo de Servi\u00e7o Social<\/strong>\u00a0da\u00a0<strong>Coordena\u00e7\u00e3o de Integra\u00e7\u00e3o Estudantil<\/strong>, torna p\u00fablico que o\u00a0<b>Resultado P\u00f3s-Recursos do Edital PRAE 06\/2019<\/b>, para ingressantes cotistas PAVE e SISU Terceira Convoca\u00e7\u00e3o 2019\/2.<\/p>\n<p><a href=\"https:\/\/wp.ufpel.edu.br\/prae\/files\/2019\/07\/SEI_23110.029535_2019_39_Edital-06-2019.pdf\">Resultado P\u00f3s-Recursos Edital PRAE 06\/2019<\/a><\/p>\n","protected":false},"excerpt":{"rendered":"<p>A\u00a0Pr\u00f3-Reitoria de Assuntos Estudantis, atrav\u00e9s do\u00a0N\u00facleo de Servi\u00e7o Social\u00a0da\u00a0Coordena\u00e7\u00e3o de Integra\u00e7\u00e3o Estudantil, torna p\u00fablico que o\u00a0Resultado P\u00f3s-Recursos do Edital PRAE 06\/2019, para ingressantes cotistas PAVE e SISU Terceira Convoca\u00e7\u00e3o 2019\/2. Resultado P\u00f3s-Recursos Edital PRAE 06\/2019<\/p>\n","protected":false},"author":229,"featured_media":0,"comment_status":"closed","ping_status":"closed","sticky":false,"template":"","format":"standard","meta":{"footnotes":""},"categories":[1],"tags":[],"class_list":["post-8581","post","type-post","status-publish","format-standard","hentry","category-noticias"],"jetpack_featured_media_url":"","_links":{"self":[{"href":"https:\/\/wp.ufpel.edu.br\/prae\/wp-json\/wp\/v2\/posts\/8581","targetHints":{"allow":["GET"]}}],"collection":[{"href":"https:\/\/wp.ufpel.edu.br\/prae\/wp-json\/wp\/v2\/posts"}],"about":[{"href":"https:\/\/wp.ufpel.edu.br\/prae\/wp-json\/wp\/v2\/types\/post"}],"author":[{"embeddable":true,"href":"https:\/\/wp.ufpel.edu.br\/prae\/wp-json\/wp\/v2\/users\/229"}],"replies":[{"embeddable":true,"href":"https:\/\/wp.ufpel.edu.br\/prae\/wp-json\/wp\/v2\/comments?post=8581"}],"version-history":[{"count":1,"href":"https:\/\/wp.ufpel.edu.br\/prae\/wp-json\/wp\/v2\/posts\/8581\/revisions"}],"predecessor-version":[{"id":8583,"href":"https:\/\/wp.ufpel.edu.br\/prae\/wp-json\/wp\/v2\/posts\/8581\/revisions\/8583"}],"wp:attachment":[{"href":"https:\/\/wp.ufpel.edu.br\/prae\/wp-json\/wp\/v2\/media?parent=8581"}],"wp:term":[{"taxonomy":"category","embeddable":true,"href":"https:\/\/wp.ufpel.edu.br\/prae\/wp-json\/wp\/v2\/categories?post=8581"},{"taxonomy":"post_tag","embeddable":true,"href":"https:\/\/wp.ufpel.edu.br\/prae\/wp-json\/wp\/v2\/tags?post=8581"}],"curies":[{"name":"wp","href":"https:\/\/api.w.org\/{rel}","templated":true}]}}