{"id":8546,"date":"2019-08-09T10:27:58","date_gmt":"2019-08-09T13:27:58","guid":{"rendered":"https:\/\/wp.ufpel.edu.br\/prae\/?p=8546"},"modified":"2019-08-09T10:28:09","modified_gmt":"2019-08-09T13:28:09","slug":"abertura-de-inscricoes-para-bolsistas-paped","status":"publish","type":"post","link":"https:\/\/wp.ufpel.edu.br\/prae\/2019\/08\/09\/abertura-de-inscricoes-para-bolsistas-paped\/","title":{"rendered":"Abertura de Inscri\u00e7\u00f5es para Bolsistas PAPEd"},"content":{"rendered":"<p>A <strong>Pr\u00f3-Reitoria de Assuntos Estudantis<\/strong>, atrav\u00e9s do <strong>Coordena\u00e7\u00e3o de Pol\u00edticas Estudantis<\/strong> e <strong>N\u00facleo Psicopedag\u00f3gico de Apoio ao Discente<\/strong>, torna p\u00fablico a abertura de inscri\u00e7\u00f5es para bolsa de <strong>PROGRAMAS ESTRAT\u00c9GICOS INSTITUCIONAIS<\/strong> para o <strong>Programa de Acompanhamento Pedag\u00f3gico (PAPEd)<\/strong>.<\/p>\n<p>&nbsp;<\/p>\n<p>Acesse o Edital: <a href=\"https:\/\/wp.ufpel.edu.br\/prae\/files\/2019\/08\/SEI_23110.033314_2019_65_PAPED_02.pdf\">Edital PAPEd 02\/2019<\/a><\/p>\n","protected":false},"excerpt":{"rendered":"<p>A Pr\u00f3-Reitoria de Assuntos Estudantis, atrav\u00e9s do Coordena\u00e7\u00e3o de Pol\u00edticas Estudantis e N\u00facleo Psicopedag\u00f3gico de Apoio ao Discente, torna p\u00fablico a abertura de inscri\u00e7\u00f5es para bolsa de PROGRAMAS ESTRAT\u00c9GICOS INSTITUCIONAIS para o Programa de Acompanhamento Pedag\u00f3gico (PAPEd). &nbsp; Acesse o Edital: Edital PAPEd 02\/2019<\/p>\n","protected":false},"author":229,"featured_media":0,"comment_status":"closed","ping_status":"closed","sticky":false,"template":"","format":"standard","meta":{"footnotes":""},"categories":[76166,1],"tags":[],"class_list":["post-8546","post","type-post","status-publish","format-standard","hentry","category-editais-coordenacao-permanencia","category-noticias"],"jetpack_featured_media_url":"","_links":{"self":[{"href":"https:\/\/wp.ufpel.edu.br\/prae\/wp-json\/wp\/v2\/posts\/8546","targetHints":{"allow":["GET"]}}],"collection":[{"href":"https:\/\/wp.ufpel.edu.br\/prae\/wp-json\/wp\/v2\/posts"}],"about":[{"href":"https:\/\/wp.ufpel.edu.br\/prae\/wp-json\/wp\/v2\/types\/post"}],"author":[{"embeddable":true,"href":"https:\/\/wp.ufpel.edu.br\/prae\/wp-json\/wp\/v2\/users\/229"}],"replies":[{"embeddable":true,"href":"https:\/\/wp.ufpel.edu.br\/prae\/wp-json\/wp\/v2\/comments?post=8546"}],"version-history":[{"count":1,"href":"https:\/\/wp.ufpel.edu.br\/prae\/wp-json\/wp\/v2\/posts\/8546\/revisions"}],"predecessor-version":[{"id":8549,"href":"https:\/\/wp.ufpel.edu.br\/prae\/wp-json\/wp\/v2\/posts\/8546\/revisions\/8549"}],"wp:attachment":[{"href":"https:\/\/wp.ufpel.edu.br\/prae\/wp-json\/wp\/v2\/media?parent=8546"}],"wp:term":[{"taxonomy":"category","embeddable":true,"href":"https:\/\/wp.ufpel.edu.br\/prae\/wp-json\/wp\/v2\/categories?post=8546"},{"taxonomy":"post_tag","embeddable":true,"href":"https:\/\/wp.ufpel.edu.br\/prae\/wp-json\/wp\/v2\/tags?post=8546"}],"curies":[{"name":"wp","href":"https:\/\/api.w.org\/{rel}","templated":true}]}}