{"id":8321,"date":"2019-07-05T11:01:16","date_gmt":"2019-07-05T14:01:16","guid":{"rendered":"https:\/\/wp.ufpel.edu.br\/prae\/?p=8321"},"modified":"2019-07-24T11:13:40","modified_gmt":"2019-07-24T14:13:40","slug":"atualizado-resultado-preliminar-edital-prae-03-2019-pave-e-sisu-chamada-regular-2019-2","status":"publish","type":"post","link":"https:\/\/wp.ufpel.edu.br\/prae\/2019\/07\/05\/atualizado-resultado-preliminar-edital-prae-03-2019-pave-e-sisu-chamada-regular-2019-2\/","title":{"rendered":"[ATUALIZADO] RESULTADO Parcial Edital PRAE 03\/2019 &#8211; PAVE e SISU Chamada Regular 2019\/2"},"content":{"rendered":"<p>A\u00a0<strong>Pr\u00f3-Reitoria de Assuntos Estudantis<\/strong>, atrav\u00e9s do\u00a0<strong>N\u00facleo de Servi\u00e7o Social<\/strong>\u00a0da\u00a0<strong>Coordena\u00e7\u00e3o de Integra\u00e7\u00e3o Estudantil<\/strong>, torna p\u00fablico que\u00a0os <b>Resultado parcial do Edital 03\/2019<\/b>, para ingressantes PAVE e SISU Chamada Regular 2019\/2.<\/p>\n<p><span style=\"color: #ff0000\"><strong>ATUALIZA\u00c7\u00c3O:<\/strong> <span style=\"color: #000000\">Selecionados para os Programas de Aux\u00edlio Transporte, Aux\u00edlio Deslocamento e Aux\u00edlio Moradia devem providenciar informa\u00e7\u00f5es para o N\u00facleo de Gest\u00e3o de Programas. O encaminhamento encontra-se no link abaixo<\/span> (atualizar o cache do navegador pressionando F5 ap\u00f3s abrir o documento)<span style=\"color: #000000\">.<\/span><\/span><\/p>\n<p><a href=\"https:\/\/wp.ufpel.edu.br\/prae\/files\/2019\/07\/SEI_23110.027271_2019_89.pdf\">Resultado parcial Edital 03\/2019 &#8211; SEI_23110.027271_2019_89<\/a><\/p>\n","protected":false},"excerpt":{"rendered":"<p>A\u00a0Pr\u00f3-Reitoria de Assuntos Estudantis, atrav\u00e9s do\u00a0N\u00facleo de Servi\u00e7o Social\u00a0da\u00a0Coordena\u00e7\u00e3o de Integra\u00e7\u00e3o Estudantil, torna p\u00fablico que\u00a0os Resultado parcial do Edital 03\/2019, para ingressantes PAVE e SISU Chamada Regular 2019\/2. ATUALIZA\u00c7\u00c3O: Selecionados para os Programas de Aux\u00edlio Transporte, Aux\u00edlio Deslocamento e Aux\u00edlio Moradia devem providenciar informa\u00e7\u00f5es para o N\u00facleo de Gest\u00e3o de Programas. O encaminhamento encontra-se no &hellip; <\/p>\n<p class=\"link-more\"><a href=\"https:\/\/wp.ufpel.edu.br\/prae\/2019\/07\/05\/atualizado-resultado-preliminar-edital-prae-03-2019-pave-e-sisu-chamada-regular-2019-2\/\" class=\"more-link\">Continue lendo<span class=\"screen-reader-text\"> &#8220;[ATUALIZADO] RESULTADO Parcial Edital PRAE 03\/2019 &#8211; PAVE e SISU Chamada Regular 2019\/2&#8221;<\/span><\/a><\/p>\n","protected":false},"author":229,"featured_media":0,"comment_status":"closed","ping_status":"closed","sticky":false,"template":"","format":"standard","meta":{"footnotes":""},"categories":[1],"tags":[],"class_list":["post-8321","post","type-post","status-publish","format-standard","hentry","category-noticias"],"jetpack_featured_media_url":"","_links":{"self":[{"href":"https:\/\/wp.ufpel.edu.br\/prae\/wp-json\/wp\/v2\/posts\/8321","targetHints":{"allow":["GET"]}}],"collection":[{"href":"https:\/\/wp.ufpel.edu.br\/prae\/wp-json\/wp\/v2\/posts"}],"about":[{"href":"https:\/\/wp.ufpel.edu.br\/prae\/wp-json\/wp\/v2\/types\/post"}],"author":[{"embeddable":true,"href":"https:\/\/wp.ufpel.edu.br\/prae\/wp-json\/wp\/v2\/users\/229"}],"replies":[{"embeddable":true,"href":"https:\/\/wp.ufpel.edu.br\/prae\/wp-json\/wp\/v2\/comments?post=8321"}],"version-history":[{"count":3,"href":"https:\/\/wp.ufpel.edu.br\/prae\/wp-json\/wp\/v2\/posts\/8321\/revisions"}],"predecessor-version":[{"id":8435,"href":"https:\/\/wp.ufpel.edu.br\/prae\/wp-json\/wp\/v2\/posts\/8321\/revisions\/8435"}],"wp:attachment":[{"href":"https:\/\/wp.ufpel.edu.br\/prae\/wp-json\/wp\/v2\/media?parent=8321"}],"wp:term":[{"taxonomy":"category","embeddable":true,"href":"https:\/\/wp.ufpel.edu.br\/prae\/wp-json\/wp\/v2\/categories?post=8321"},{"taxonomy":"post_tag","embeddable":true,"href":"https:\/\/wp.ufpel.edu.br\/prae\/wp-json\/wp\/v2\/tags?post=8321"}],"curies":[{"name":"wp","href":"https:\/\/api.w.org\/{rel}","templated":true}]}}