{"id":8280,"date":"2019-07-01T09:58:58","date_gmt":"2019-07-01T12:58:58","guid":{"rendered":"https:\/\/wp.ufpel.edu.br\/prae\/?p=8280"},"modified":"2019-07-02T09:06:48","modified_gmt":"2019-07-02T12:06:48","slug":"resultado-preliminar-edital-prae-03-2019-pave-e-sisu-chamada-regular-2019-2","status":"publish","type":"post","link":"https:\/\/wp.ufpel.edu.br\/prae\/2019\/07\/01\/resultado-preliminar-edital-prae-03-2019-pave-e-sisu-chamada-regular-2019-2\/","title":{"rendered":"RESULTADO Preliminar Edital PRAE 03\/2019 &#8211; PAVE e SISU Chamada Regular 2019\/2"},"content":{"rendered":"<p>A\u00a0<strong>Pr\u00f3-Reitoria de Assuntos Estudantis<\/strong>, atrav\u00e9s do\u00a0<strong>N\u00facleo de Servi\u00e7o Social<\/strong>\u00a0da\u00a0<strong>Coordena\u00e7\u00e3o de Integra\u00e7\u00e3o Estudantil<\/strong>, torna p\u00fablico que\u00a0os <b>Resultado parcial do Edital 03\/2019<\/b>, para ingressantes PAVE e SISU Chamada Regular 2019\/2.<\/p>\n<p>Confirma no link abaixo:<\/p>\n<p><a href=\"https:\/\/wp.ufpel.edu.br\/prae\/files\/2019\/07\/SEI_23110.027271_2019_89.pdf\">Resultado preliminar Edital 03\/2019 &#8211; SEI_23110.027271_2019_89<\/a><\/p>\n","protected":false},"excerpt":{"rendered":"<p>A\u00a0Pr\u00f3-Reitoria de Assuntos Estudantis, atrav\u00e9s do\u00a0N\u00facleo de Servi\u00e7o Social\u00a0da\u00a0Coordena\u00e7\u00e3o de Integra\u00e7\u00e3o Estudantil, torna p\u00fablico que\u00a0os Resultado parcial do Edital 03\/2019, para ingressantes PAVE e SISU Chamada Regular 2019\/2. Confirma no link abaixo: Resultado preliminar Edital 03\/2019 &#8211; SEI_23110.027271_2019_89<\/p>\n","protected":false},"author":229,"featured_media":0,"comment_status":"closed","ping_status":"closed","sticky":false,"template":"","format":"standard","meta":{"footnotes":""},"categories":[1],"tags":[],"class_list":["post-8280","post","type-post","status-publish","format-standard","hentry","category-noticias"],"jetpack_featured_media_url":"","_links":{"self":[{"href":"https:\/\/wp.ufpel.edu.br\/prae\/wp-json\/wp\/v2\/posts\/8280","targetHints":{"allow":["GET"]}}],"collection":[{"href":"https:\/\/wp.ufpel.edu.br\/prae\/wp-json\/wp\/v2\/posts"}],"about":[{"href":"https:\/\/wp.ufpel.edu.br\/prae\/wp-json\/wp\/v2\/types\/post"}],"author":[{"embeddable":true,"href":"https:\/\/wp.ufpel.edu.br\/prae\/wp-json\/wp\/v2\/users\/229"}],"replies":[{"embeddable":true,"href":"https:\/\/wp.ufpel.edu.br\/prae\/wp-json\/wp\/v2\/comments?post=8280"}],"version-history":[{"count":1,"href":"https:\/\/wp.ufpel.edu.br\/prae\/wp-json\/wp\/v2\/posts\/8280\/revisions"}],"predecessor-version":[{"id":8283,"href":"https:\/\/wp.ufpel.edu.br\/prae\/wp-json\/wp\/v2\/posts\/8280\/revisions\/8283"}],"wp:attachment":[{"href":"https:\/\/wp.ufpel.edu.br\/prae\/wp-json\/wp\/v2\/media?parent=8280"}],"wp:term":[{"taxonomy":"category","embeddable":true,"href":"https:\/\/wp.ufpel.edu.br\/prae\/wp-json\/wp\/v2\/categories?post=8280"},{"taxonomy":"post_tag","embeddable":true,"href":"https:\/\/wp.ufpel.edu.br\/prae\/wp-json\/wp\/v2\/tags?post=8280"}],"curies":[{"name":"wp","href":"https:\/\/api.w.org\/{rel}","templated":true}]}}