{"id":8060,"date":"2019-05-08T11:23:42","date_gmt":"2019-05-08T14:23:42","guid":{"rendered":"https:\/\/wp.ufpel.edu.br\/prae\/?p=8060"},"modified":"2019-05-08T11:23:42","modified_gmt":"2019-05-08T14:23:42","slug":"roda-de-conversa-vamos-fazer-balburdia-aconteceu-na-moradia-estudantil","status":"publish","type":"post","link":"https:\/\/wp.ufpel.edu.br\/prae\/2019\/05\/08\/roda-de-conversa-vamos-fazer-balburdia-aconteceu-na-moradia-estudantil\/","title":{"rendered":"Roda de Conversa &#8220;Vamos fazer balb\u00fardia&#8221; aconteceu na Moradia Estudantil"},"content":{"rendered":"<figure id=\"attachment_8062\" aria-describedby=\"caption-attachment-8062\" style=\"width: 1000px\" class=\"wp-caption alignleft\"><img loading=\"lazy\" decoding=\"async\" class=\"wp-image-8062 size-full\" title=\"Roda de Conversa &quot;Vamos fazer balb\u00fardia&quot; \" src=\"https:\/\/wp.ufpel.edu.br\/prae\/files\/2019\/05\/DSC_8141.jpg\" alt=\"Foto: Gabriel Bicho\" width=\"1000\" height=\"668\" srcset=\"https:\/\/wp.ufpel.edu.br\/prae\/files\/2019\/05\/DSC_8141.jpg 1000w, https:\/\/wp.ufpel.edu.br\/prae\/files\/2019\/05\/DSC_8141-400x267.jpg 400w, https:\/\/wp.ufpel.edu.br\/prae\/files\/2019\/05\/DSC_8141-768x513.jpg 768w\" sizes=\"auto, (max-width: 767px) 89vw, (max-width: 1000px) 54vw, (max-width: 1071px) 543px, 580px\" \/><figcaption id=\"caption-attachment-8062\" class=\"wp-caption-text\">Roda de Conversa &#8220;Vamos fazer balb\u00fardia&#8221; &#8211; Foto: Gabriel Bicho<\/figcaption><\/figure>\n<div><\/div>\n<div style=\"text-align: left\">\n<p>&nbsp;<\/p>\n<p>A PRAE promoveu, por iniciativa da Coordena\u00e7\u00e3o de Pol\u00edticas Estudantis (CPE), a roda de conversa &#8220;Vamos fazer balb\u00fardia&#8221;,\u00a0 no \u00faltimo s\u00e1bado, dia 04\/05, junto aos moradores da Moradia Estudantil (Casa do Estudante Universit\u00e1rio) e comunidade acad\u00eamica em geral.<\/p>\n<p>O objetivo do encontro foi o de discutir as tem\u00e1ticas referentes aos recentes comunicados de contingenciamento de verbas por parte do MEC e Governo Federal, seus impactos nas pol\u00edticas de assist\u00eancia estudantil e na universidade em geral.<\/p>\n<p>A atividade contou com a presen\u00e7a dos moradores da Moradia Estudantil, estudantes de v\u00e1rios cursos e tamb\u00e9m com representa\u00e7\u00e3o das duas chapas concorrentes \u00e0s elei\u00e7\u00f5es do DCE da UFPEL, com apoio da Comiss\u00e3o Eleitoral.<\/p>\n<p>A iniciativa \u00e9 fruto tamb\u00e9m de delibera\u00e7\u00e3o anterior por parte dos estudantes da Moradia Estudantil que manifestaram interesse em manter periodicamente espa\u00e7os junto a PRAE e CPE para discuss\u00e3o de tem\u00e1ticas variadas.<\/p>\n<p>A CPE acredita que o evento foi proveitoso e significativo, principalmente dada a conjuntura atual onde se faz necess\u00e1rio comprometimento real de toda a comunidade com o futuro da universidade p\u00fablica.<\/p>\n<p>Aqueles que preencheram lista de presen\u00e7a poder\u00e3o retirar seu certificado de participa\u00e7\u00e3o a partir desta quarta-feira, dia 08\/05, na sala G116 do Campus II.<\/p>\n<\/div>\n","protected":false},"excerpt":{"rendered":"<p>&nbsp; A PRAE promoveu, por iniciativa da Coordena\u00e7\u00e3o de Pol\u00edticas Estudantis (CPE), a roda de conversa &#8220;Vamos fazer balb\u00fardia&#8221;,\u00a0 no \u00faltimo s\u00e1bado, dia 04\/05, junto aos moradores da Moradia Estudantil (Casa do Estudante Universit\u00e1rio) e comunidade acad\u00eamica em geral. O objetivo do encontro foi o de discutir as tem\u00e1ticas referentes aos recentes comunicados de contingenciamento &hellip; <\/p>\n<p class=\"link-more\"><a href=\"https:\/\/wp.ufpel.edu.br\/prae\/2019\/05\/08\/roda-de-conversa-vamos-fazer-balburdia-aconteceu-na-moradia-estudantil\/\" class=\"more-link\">Continue lendo<span class=\"screen-reader-text\"> &#8220;Roda de Conversa &#8220;Vamos fazer balb\u00fardia&#8221; aconteceu na Moradia Estudantil&#8221;<\/span><\/a><\/p>\n","protected":false},"author":229,"featured_media":0,"comment_status":"closed","ping_status":"closed","sticky":false,"template":"","format":"standard","meta":{"footnotes":""},"categories":[76157,1],"tags":[],"class_list":["post-8060","post","type-post","status-publish","format-standard","hentry","category-cpe-noticias","category-noticias"],"jetpack_featured_media_url":"","_links":{"self":[{"href":"https:\/\/wp.ufpel.edu.br\/prae\/wp-json\/wp\/v2\/posts\/8060","targetHints":{"allow":["GET"]}}],"collection":[{"href":"https:\/\/wp.ufpel.edu.br\/prae\/wp-json\/wp\/v2\/posts"}],"about":[{"href":"https:\/\/wp.ufpel.edu.br\/prae\/wp-json\/wp\/v2\/types\/post"}],"author":[{"embeddable":true,"href":"https:\/\/wp.ufpel.edu.br\/prae\/wp-json\/wp\/v2\/users\/229"}],"replies":[{"embeddable":true,"href":"https:\/\/wp.ufpel.edu.br\/prae\/wp-json\/wp\/v2\/comments?post=8060"}],"version-history":[{"count":7,"href":"https:\/\/wp.ufpel.edu.br\/prae\/wp-json\/wp\/v2\/posts\/8060\/revisions"}],"predecessor-version":[{"id":8069,"href":"https:\/\/wp.ufpel.edu.br\/prae\/wp-json\/wp\/v2\/posts\/8060\/revisions\/8069"}],"wp:attachment":[{"href":"https:\/\/wp.ufpel.edu.br\/prae\/wp-json\/wp\/v2\/media?parent=8060"}],"wp:term":[{"taxonomy":"category","embeddable":true,"href":"https:\/\/wp.ufpel.edu.br\/prae\/wp-json\/wp\/v2\/categories?post=8060"},{"taxonomy":"post_tag","embeddable":true,"href":"https:\/\/wp.ufpel.edu.br\/prae\/wp-json\/wp\/v2\/tags?post=8060"}],"curies":[{"name":"wp","href":"https:\/\/api.w.org\/{rel}","templated":true}]}}