{"id":8056,"date":"2019-05-07T18:49:00","date_gmt":"2019-05-07T21:49:00","guid":{"rendered":"https:\/\/wp.ufpel.edu.br\/prae\/?p=8056"},"modified":"2019-05-07T18:49:00","modified_gmt":"2019-05-07T21:49:00","slug":"atencao-estudantes-cotistas-sociais-das-seguintes-convocacoes","status":"publish","type":"post","link":"https:\/\/wp.ufpel.edu.br\/prae\/2019\/05\/07\/atencao-estudantes-cotistas-sociais-das-seguintes-convocacoes\/","title":{"rendered":"ATEN\u00c7\u00c3O ESTUDANTES COTISTAS SOCIAIS DAS SEGUINTES CONVOCA\u00c7\u00d5ES:"},"content":{"rendered":"<p>&#8211; 1\u00aa Convoca\u00e7\u00e3o do SISU;<\/p>\n<p>&#8211; 4\u00aa Convoca\u00e7\u00e3o do SISU;<\/p>\n<p>&#8211; 2\u00aa Convoca\u00e7\u00e3o do PAVE;<\/p>\n<p>&#8211; 3\u00aa Convoca\u00e7\u00e3o do PAVE;<\/p>\n<p>&#8211; 6\u00aa Convoca\u00e7\u00e3o do Processo Seletivo Especial AZONASUL,<\/p>\n<p>Aqueles contemplados\/as com os benef\u00edcios da assist\u00eancia estudantil da PRAE\/UFPel, conforme publica\u00e7\u00e3o anexada \u00e0 listagem final dos resultados,\u00a0 devem comparecer \u00e0 reuni\u00e3o de NORMAS dos Programas de Assist\u00eancia Estudantil, dia 08\/05\/2019, \u00e0s 15h., no Audit\u00f3rio T\u00e9rreo do Campus 2, situado \u00e0 rua Almirante Barroso, 1202.<\/p>\n","protected":false},"excerpt":{"rendered":"<p>&#8211; 1\u00aa Convoca\u00e7\u00e3o do SISU; &#8211; 4\u00aa Convoca\u00e7\u00e3o do SISU; &#8211; 2\u00aa Convoca\u00e7\u00e3o do PAVE; &#8211; 3\u00aa Convoca\u00e7\u00e3o do PAVE; &#8211; 6\u00aa Convoca\u00e7\u00e3o do Processo Seletivo Especial AZONASUL, Aqueles contemplados\/as com os benef\u00edcios da assist\u00eancia estudantil da PRAE\/UFPel, conforme publica\u00e7\u00e3o anexada \u00e0 listagem final dos resultados,\u00a0 devem comparecer \u00e0 reuni\u00e3o de NORMAS dos Programas de &hellip; <\/p>\n<p class=\"link-more\"><a href=\"https:\/\/wp.ufpel.edu.br\/prae\/2019\/05\/07\/atencao-estudantes-cotistas-sociais-das-seguintes-convocacoes\/\" class=\"more-link\">Continue lendo<span class=\"screen-reader-text\"> &#8220;ATEN\u00c7\u00c3O ESTUDANTES COTISTAS SOCIAIS DAS SEGUINTES CONVOCA\u00c7\u00d5ES:&#8221;<\/span><\/a><\/p>\n","protected":false},"author":229,"featured_media":0,"comment_status":"closed","ping_status":"closed","sticky":false,"template":"","format":"standard","meta":{"footnotes":""},"categories":[1],"tags":[],"class_list":["post-8056","post","type-post","status-publish","format-standard","hentry","category-noticias"],"jetpack_featured_media_url":"","_links":{"self":[{"href":"https:\/\/wp.ufpel.edu.br\/prae\/wp-json\/wp\/v2\/posts\/8056","targetHints":{"allow":["GET"]}}],"collection":[{"href":"https:\/\/wp.ufpel.edu.br\/prae\/wp-json\/wp\/v2\/posts"}],"about":[{"href":"https:\/\/wp.ufpel.edu.br\/prae\/wp-json\/wp\/v2\/types\/post"}],"author":[{"embeddable":true,"href":"https:\/\/wp.ufpel.edu.br\/prae\/wp-json\/wp\/v2\/users\/229"}],"replies":[{"embeddable":true,"href":"https:\/\/wp.ufpel.edu.br\/prae\/wp-json\/wp\/v2\/comments?post=8056"}],"version-history":[{"count":2,"href":"https:\/\/wp.ufpel.edu.br\/prae\/wp-json\/wp\/v2\/posts\/8056\/revisions"}],"predecessor-version":[{"id":8059,"href":"https:\/\/wp.ufpel.edu.br\/prae\/wp-json\/wp\/v2\/posts\/8056\/revisions\/8059"}],"wp:attachment":[{"href":"https:\/\/wp.ufpel.edu.br\/prae\/wp-json\/wp\/v2\/media?parent=8056"}],"wp:term":[{"taxonomy":"category","embeddable":true,"href":"https:\/\/wp.ufpel.edu.br\/prae\/wp-json\/wp\/v2\/categories?post=8056"},{"taxonomy":"post_tag","embeddable":true,"href":"https:\/\/wp.ufpel.edu.br\/prae\/wp-json\/wp\/v2\/tags?post=8056"}],"curies":[{"name":"wp","href":"https:\/\/api.w.org\/{rel}","templated":true}]}}