{"id":8032,"date":"2019-05-02T15:59:31","date_gmt":"2019-05-02T18:59:31","guid":{"rendered":"https:\/\/wp.ufpel.edu.br\/prae\/?p=8032"},"modified":"2019-05-02T15:59:31","modified_gmt":"2019-05-02T18:59:31","slug":"edital-de-selecao-bolsista-pba-para-o-programa-de-acompanhamento-pedagogico-ao-estudante","status":"publish","type":"post","link":"https:\/\/wp.ufpel.edu.br\/prae\/2019\/05\/02\/edital-de-selecao-bolsista-pba-para-o-programa-de-acompanhamento-pedagogico-ao-estudante\/","title":{"rendered":"Edital de sele\u00e7\u00e3o bolsista PBA para o Programa de Acompanhamento Pedag\u00f3gico ao Estudante"},"content":{"rendered":"<p>PRAE lan\u00e7a Edital para sele\u00e7\u00e3o de bolsistas que acompanhar\u00e3o grupos de apoio pedag\u00f3gico para estudantes bolsistas, que no momento apresentam baixo aproveitamento.<\/p>\n<p>As inscri\u00e7\u00f5es acontecem de 2 a 9 de maio de 2019.<\/p>\n<p>&nbsp;<\/p>\n<p>Confira a \u00edntegra do edital no link:<\/p>\n<p><a href=\"https:\/\/wp.ufpel.edu.br\/prae\/files\/2019\/05\/Edital-PAPE-01-2019.pdf\">Edital PAPE 01 2019<\/a><\/p>\n<p>&nbsp;<\/p>\n<p>&nbsp;<\/p>\n","protected":false},"excerpt":{"rendered":"<p>PRAE lan\u00e7a Edital para sele\u00e7\u00e3o de bolsistas que acompanhar\u00e3o grupos de apoio pedag\u00f3gico para estudantes bolsistas, que no momento apresentam baixo aproveitamento. As inscri\u00e7\u00f5es acontecem de 2 a 9 de maio de 2019. &nbsp; Confira a \u00edntegra do edital no link: Edital PAPE 01 2019 &nbsp; &nbsp;<\/p>\n","protected":false},"author":229,"featured_media":0,"comment_status":"closed","ping_status":"closed","sticky":false,"template":"","format":"standard","meta":{"footnotes":""},"categories":[76166,76164],"tags":[],"class_list":["post-8032","post","type-post","status-publish","format-standard","hentry","category-editais-coordenacao-permanencia","category-editais-formaturas-institucionais-2"],"jetpack_featured_media_url":"","_links":{"self":[{"href":"https:\/\/wp.ufpel.edu.br\/prae\/wp-json\/wp\/v2\/posts\/8032","targetHints":{"allow":["GET"]}}],"collection":[{"href":"https:\/\/wp.ufpel.edu.br\/prae\/wp-json\/wp\/v2\/posts"}],"about":[{"href":"https:\/\/wp.ufpel.edu.br\/prae\/wp-json\/wp\/v2\/types\/post"}],"author":[{"embeddable":true,"href":"https:\/\/wp.ufpel.edu.br\/prae\/wp-json\/wp\/v2\/users\/229"}],"replies":[{"embeddable":true,"href":"https:\/\/wp.ufpel.edu.br\/prae\/wp-json\/wp\/v2\/comments?post=8032"}],"version-history":[{"count":2,"href":"https:\/\/wp.ufpel.edu.br\/prae\/wp-json\/wp\/v2\/posts\/8032\/revisions"}],"predecessor-version":[{"id":8038,"href":"https:\/\/wp.ufpel.edu.br\/prae\/wp-json\/wp\/v2\/posts\/8032\/revisions\/8038"}],"wp:attachment":[{"href":"https:\/\/wp.ufpel.edu.br\/prae\/wp-json\/wp\/v2\/media?parent=8032"}],"wp:term":[{"taxonomy":"category","embeddable":true,"href":"https:\/\/wp.ufpel.edu.br\/prae\/wp-json\/wp\/v2\/categories?post=8032"},{"taxonomy":"post_tag","embeddable":true,"href":"https:\/\/wp.ufpel.edu.br\/prae\/wp-json\/wp\/v2\/tags?post=8032"}],"curies":[{"name":"wp","href":"https:\/\/api.w.org\/{rel}","templated":true}]}}