{"id":8013,"date":"2019-04-28T18:55:31","date_gmt":"2019-04-28T21:55:31","guid":{"rendered":"https:\/\/wp.ufpel.edu.br\/prae\/?p=8013"},"modified":"2019-04-29T11:57:24","modified_gmt":"2019-04-29T14:57:24","slug":"8013","status":"publish","type":"post","link":"https:\/\/wp.ufpel.edu.br\/prae\/2019\/04\/28\/8013\/","title":{"rendered":"Resultado Moradia Estudantil &#8211; Ingressantes 2019 L1, L2, L9 e L10, pelo SISU e PAVE &#8211; Chamada Regular e 1a convoca\u00e7\u00e3o"},"content":{"rendered":"<p>A PRAE torna p\u00fablico a rela\u00e7\u00e3o dos estudantes ingressantes L1, L2, L9 e L10, em 2019 pelo SISU e PAVE, da <strong>Chamada Regular e 1a Convoca\u00e7\u00e3o<\/strong>, aprovados para os Programas de Moradia Estudantil.<\/p>\n<p>A lista dos aprovados se encontra dispon\u00edvel abaixo.<\/p>\n<p><a href=\"https:\/\/wp.ufpel.edu.br\/prae\/files\/2019\/04\/Rela\u00e7\u00e3o-de-Estudantes-contemplados-para-os-Programas-de-Moradia-Estudantil_28abril.pdf\">Rela\u00e7\u00e3o de Estudantes contemplados para os Programas de Moradia Estudantil_28abril<\/a><\/p>\n<p><strong>Aten\u00e7\u00e3o:<\/strong> estudantes contemplados devem, obrigatoriamente, participar de reuni\u00e3o com a Coordena\u00e7\u00e3o de Pol\u00edticas Estudantis no dia 30\/04, \u00e0s 18h, no Audit\u00f3rio T\u00e9rreo do Campus II (Rua Almirante Barroso, 1202).<\/p>\n<p>Considerando as restri\u00e7\u00f5es or\u00e7ament\u00e1rias, conforme descrito em Edital, foi realizada uma an\u00e1lise socioecon\u00f4mica comparativa entre os estudantes que solicitaram a Moradia Estudantil. Al\u00e9m da renda per capita familiar, que alcan\u00e7ou valor m\u00e1ximo de refer\u00eancia de R$600,00, foram considerados aspectos como a situa\u00e7\u00e3o de trabalho na fam\u00edlia (formal\/informal), gastos com moradia e sa\u00fade, escolaridade dos provedores do n\u00facleo familiar e a dist\u00e2ncia da cidade de origem.<\/p>\n<p>Estudantes n\u00e3o contemplados poder\u00e3o entrar com recurso at\u00e9 o dia 03\/05 diretamente na PRAE.<\/p>\n","protected":false},"excerpt":{"rendered":"<p>A PRAE torna p\u00fablico a rela\u00e7\u00e3o dos estudantes ingressantes L1, L2, L9 e L10, em 2019 pelo SISU e PAVE, da Chamada Regular e 1a Convoca\u00e7\u00e3o, aprovados para os Programas de Moradia Estudantil. A lista dos aprovados se encontra dispon\u00edvel abaixo. Rela\u00e7\u00e3o de Estudantes contemplados para os Programas de Moradia Estudantil_28abril Aten\u00e7\u00e3o: estudantes contemplados devem, &hellip; <\/p>\n<p class=\"link-more\"><a href=\"https:\/\/wp.ufpel.edu.br\/prae\/2019\/04\/28\/8013\/\" class=\"more-link\">Continue lendo<span class=\"screen-reader-text\"> &#8220;Resultado Moradia Estudantil &#8211; Ingressantes 2019 L1, L2, L9 e L10, pelo SISU e PAVE &#8211; Chamada Regular e 1a convoca\u00e7\u00e3o&#8221;<\/span><\/a><\/p>\n","protected":false},"author":229,"featured_media":0,"comment_status":"closed","ping_status":"closed","sticky":false,"template":"","format":"standard","meta":{"footnotes":""},"categories":[1],"tags":[],"class_list":["post-8013","post","type-post","status-publish","format-standard","hentry","category-noticias"],"jetpack_featured_media_url":"","_links":{"self":[{"href":"https:\/\/wp.ufpel.edu.br\/prae\/wp-json\/wp\/v2\/posts\/8013","targetHints":{"allow":["GET"]}}],"collection":[{"href":"https:\/\/wp.ufpel.edu.br\/prae\/wp-json\/wp\/v2\/posts"}],"about":[{"href":"https:\/\/wp.ufpel.edu.br\/prae\/wp-json\/wp\/v2\/types\/post"}],"author":[{"embeddable":true,"href":"https:\/\/wp.ufpel.edu.br\/prae\/wp-json\/wp\/v2\/users\/229"}],"replies":[{"embeddable":true,"href":"https:\/\/wp.ufpel.edu.br\/prae\/wp-json\/wp\/v2\/comments?post=8013"}],"version-history":[{"count":4,"href":"https:\/\/wp.ufpel.edu.br\/prae\/wp-json\/wp\/v2\/posts\/8013\/revisions"}],"predecessor-version":[{"id":8020,"href":"https:\/\/wp.ufpel.edu.br\/prae\/wp-json\/wp\/v2\/posts\/8013\/revisions\/8020"}],"wp:attachment":[{"href":"https:\/\/wp.ufpel.edu.br\/prae\/wp-json\/wp\/v2\/media?parent=8013"}],"wp:term":[{"taxonomy":"category","embeddable":true,"href":"https:\/\/wp.ufpel.edu.br\/prae\/wp-json\/wp\/v2\/categories?post=8013"},{"taxonomy":"post_tag","embeddable":true,"href":"https:\/\/wp.ufpel.edu.br\/prae\/wp-json\/wp\/v2\/tags?post=8013"}],"curies":[{"name":"wp","href":"https:\/\/api.w.org\/{rel}","templated":true}]}}