{"id":8005,"date":"2019-04-25T17:05:04","date_gmt":"2019-04-25T20:05:04","guid":{"rendered":"https:\/\/wp.ufpel.edu.br\/prae\/?p=8005"},"modified":"2019-04-25T17:05:04","modified_gmt":"2019-04-25T20:05:04","slug":"data-do-resultado-preliminar-referente-ao-edital-01-2019","status":"publish","type":"post","link":"https:\/\/wp.ufpel.edu.br\/prae\/2019\/04\/25\/data-do-resultado-preliminar-referente-ao-edital-01-2019\/","title":{"rendered":"Data do resultado preliminar referente ao Edital 01\/2019"},"content":{"rendered":"<p>&nbsp;<\/p>\n<p>O N\u00facleo de Servi\u00e7o Social da PRAE informa que a listagem do resultado preliminar referente ao Edital 01\/2019 sobre o Processo de Inscri\u00e7\u00e3o para os Programas de Assist\u00eancia Estudantil \u2013 Gradua\u00e7\u00e3o 2019\/1, ser\u00e1 divulgado na p\u00e1gina da PRAE, at\u00e9 o dia 27\/05\/2019.<\/p>\n<p>&nbsp;<\/p>\n","protected":false},"excerpt":{"rendered":"<p>&nbsp; O N\u00facleo de Servi\u00e7o Social da PRAE informa que a listagem do resultado preliminar referente ao Edital 01\/2019 sobre o Processo de Inscri\u00e7\u00e3o para os Programas de Assist\u00eancia Estudantil \u2013 Gradua\u00e7\u00e3o 2019\/1, ser\u00e1 divulgado na p\u00e1gina da PRAE, at\u00e9 o dia 27\/05\/2019. &nbsp;<\/p>\n","protected":false},"author":229,"featured_media":0,"comment_status":"closed","ping_status":"closed","sticky":false,"template":"","format":"standard","meta":{"footnotes":""},"categories":[1],"tags":[],"class_list":["post-8005","post","type-post","status-publish","format-standard","hentry","category-noticias"],"jetpack_featured_media_url":"","_links":{"self":[{"href":"https:\/\/wp.ufpel.edu.br\/prae\/wp-json\/wp\/v2\/posts\/8005","targetHints":{"allow":["GET"]}}],"collection":[{"href":"https:\/\/wp.ufpel.edu.br\/prae\/wp-json\/wp\/v2\/posts"}],"about":[{"href":"https:\/\/wp.ufpel.edu.br\/prae\/wp-json\/wp\/v2\/types\/post"}],"author":[{"embeddable":true,"href":"https:\/\/wp.ufpel.edu.br\/prae\/wp-json\/wp\/v2\/users\/229"}],"replies":[{"embeddable":true,"href":"https:\/\/wp.ufpel.edu.br\/prae\/wp-json\/wp\/v2\/comments?post=8005"}],"version-history":[{"count":2,"href":"https:\/\/wp.ufpel.edu.br\/prae\/wp-json\/wp\/v2\/posts\/8005\/revisions"}],"predecessor-version":[{"id":8008,"href":"https:\/\/wp.ufpel.edu.br\/prae\/wp-json\/wp\/v2\/posts\/8005\/revisions\/8008"}],"wp:attachment":[{"href":"https:\/\/wp.ufpel.edu.br\/prae\/wp-json\/wp\/v2\/media?parent=8005"}],"wp:term":[{"taxonomy":"category","embeddable":true,"href":"https:\/\/wp.ufpel.edu.br\/prae\/wp-json\/wp\/v2\/categories?post=8005"},{"taxonomy":"post_tag","embeddable":true,"href":"https:\/\/wp.ufpel.edu.br\/prae\/wp-json\/wp\/v2\/tags?post=8005"}],"curies":[{"name":"wp","href":"https:\/\/api.w.org\/{rel}","templated":true}]}}