{"id":7485,"date":"2018-12-21T12:40:27","date_gmt":"2018-12-21T14:40:27","guid":{"rendered":"https:\/\/wp.ufpel.edu.br\/prae\/?p=7485"},"modified":"2018-12-21T12:44:02","modified_gmt":"2018-12-21T14:44:02","slug":"edital-06-2018-contratacao-de-assistentes-sociais","status":"publish","type":"post","link":"https:\/\/wp.ufpel.edu.br\/prae\/2018\/12\/21\/edital-06-2018-contratacao-de-assistentes-sociais\/","title":{"rendered":"Edital 06\/2018 &#8211; Contrata\u00e7\u00e3o emergencial de Assistentes Sociais"},"content":{"rendered":"<p style=\"text-align: justify\">A Pr\u00f3-Reitoria de Assuntos Estudantis, da Universidade Federal de Pelotas, no uso de suas atribui\u00e7\u00f5es, torna p\u00fablico o Edital para a contrata\u00e7\u00e3o de Assistentes Sociais, em car\u00e1ter emergencial e tempo determinado.<\/p>\n<p><a href=\"https:\/\/wp.ufpel.edu.br\/prae\/files\/2018\/12\/SEI_UFPel-0398669-Edital.pdf\">SEI_UFPel &#8211; 0398669 &#8211; Edital<\/a><\/p>\n<p><a href=\"https:\/\/wp.ufpel.edu.br\/prae\/files\/2018\/12\/ficha-inscri\u00e7\u00e3o-Assistentes-Sociais_21DEZ.docx\">ficha-inscri\u00e7\u00e3o-Assistentes Sociais<\/a><\/p>\n","protected":false},"excerpt":{"rendered":"<p>A Pr\u00f3-Reitoria de Assuntos Estudantis, da Universidade Federal de Pelotas, no uso de suas atribui\u00e7\u00f5es, torna p\u00fablico o Edital para a contrata\u00e7\u00e3o de Assistentes Sociais, em car\u00e1ter emergencial e tempo determinado. SEI_UFPel &#8211; 0398669 &#8211; Edital ficha-inscri\u00e7\u00e3o-Assistentes Sociais<\/p>\n","protected":false},"author":229,"featured_media":0,"comment_status":"closed","ping_status":"closed","sticky":false,"template":"","format":"standard","meta":{"footnotes":""},"categories":[1],"tags":[],"class_list":["post-7485","post","type-post","status-publish","format-standard","hentry","category-noticias"],"jetpack_featured_media_url":"","_links":{"self":[{"href":"https:\/\/wp.ufpel.edu.br\/prae\/wp-json\/wp\/v2\/posts\/7485","targetHints":{"allow":["GET"]}}],"collection":[{"href":"https:\/\/wp.ufpel.edu.br\/prae\/wp-json\/wp\/v2\/posts"}],"about":[{"href":"https:\/\/wp.ufpel.edu.br\/prae\/wp-json\/wp\/v2\/types\/post"}],"author":[{"embeddable":true,"href":"https:\/\/wp.ufpel.edu.br\/prae\/wp-json\/wp\/v2\/users\/229"}],"replies":[{"embeddable":true,"href":"https:\/\/wp.ufpel.edu.br\/prae\/wp-json\/wp\/v2\/comments?post=7485"}],"version-history":[{"count":3,"href":"https:\/\/wp.ufpel.edu.br\/prae\/wp-json\/wp\/v2\/posts\/7485\/revisions"}],"predecessor-version":[{"id":7491,"href":"https:\/\/wp.ufpel.edu.br\/prae\/wp-json\/wp\/v2\/posts\/7485\/revisions\/7491"}],"wp:attachment":[{"href":"https:\/\/wp.ufpel.edu.br\/prae\/wp-json\/wp\/v2\/media?parent=7485"}],"wp:term":[{"taxonomy":"category","embeddable":true,"href":"https:\/\/wp.ufpel.edu.br\/prae\/wp-json\/wp\/v2\/categories?post=7485"},{"taxonomy":"post_tag","embeddable":true,"href":"https:\/\/wp.ufpel.edu.br\/prae\/wp-json\/wp\/v2\/tags?post=7485"}],"curies":[{"name":"wp","href":"https:\/\/api.w.org\/{rel}","templated":true}]}}