{"id":7481,"date":"2018-12-21T09:33:08","date_gmt":"2018-12-21T11:33:08","guid":{"rendered":"https:\/\/wp.ufpel.edu.br\/prae\/?p=7481"},"modified":"2018-12-21T09:46:03","modified_gmt":"2018-12-21T11:46:03","slug":"cronograma-de-pagamento-auxilios-prae-2019","status":"publish","type":"post","link":"https:\/\/wp.ufpel.edu.br\/prae\/2018\/12\/21\/cronograma-de-pagamento-auxilios-prae-2019\/","title":{"rendered":"CRONOGRAMA DE PAGAMENTO AUX\u00cdLIOS PRAE 2019"},"content":{"rendered":"<p style=\"text-align: justify\">A PRAE torna p\u00fablico o calend\u00e1rio de pagamento de bolsas dos programas de assist\u00eancia estudantil de 2019. Uma aten\u00e7\u00e3o especial deve ser dada aos meses de pagamento dos Programas Aux\u00edlio Pedag\u00f3gico (PAPED), Aux\u00edlio Deslocamento (PAD) e Aux\u00edlio Pr\u00e9-escolar (PAPE), pois ser\u00e3o 10 meses de bolsas conforme o calend\u00e1rio de aulas de 2019. Para esses programas n\u00e3o haver\u00e1 pagamento em janeiro e fevereiro.<\/p>\n<p><a href=\"https:\/\/wp.ufpel.edu.br\/prae\/files\/2018\/12\/CALEND\u00c1RIO-DE-PAGAMENTO-PROGRAMAS-PRAE-2019.xlsx\">CALEND\u00c1RIO-DE-PAGAMENTO-PROGRAMAS-PRAE-2019<\/a><\/p>\n<p>&nbsp;<\/p>\n<p style=\"text-align: center\">N\u00daCLEO DE GEST\u00c3O DE PROGRAMAS<\/p>\n<p style=\"text-align: center\">21\/12\/2018<\/p>\n","protected":false},"excerpt":{"rendered":"<p>A PRAE torna p\u00fablico o calend\u00e1rio de pagamento de bolsas dos programas de assist\u00eancia estudantil de 2019. Uma aten\u00e7\u00e3o especial deve ser dada aos meses de pagamento dos Programas Aux\u00edlio Pedag\u00f3gico (PAPED), Aux\u00edlio Deslocamento (PAD) e Aux\u00edlio Pr\u00e9-escolar (PAPE), pois ser\u00e3o 10 meses de bolsas conforme o calend\u00e1rio de aulas de 2019. Para esses programas &hellip; <\/p>\n<p class=\"link-more\"><a href=\"https:\/\/wp.ufpel.edu.br\/prae\/2018\/12\/21\/cronograma-de-pagamento-auxilios-prae-2019\/\" class=\"more-link\">Continue lendo<span class=\"screen-reader-text\"> &#8220;CRONOGRAMA DE PAGAMENTO AUX\u00cdLIOS PRAE 2019&#8221;<\/span><\/a><\/p>\n","protected":false},"author":229,"featured_media":0,"comment_status":"closed","ping_status":"closed","sticky":false,"template":"","format":"standard","meta":{"footnotes":""},"categories":[1],"tags":[],"class_list":["post-7481","post","type-post","status-publish","format-standard","hentry","category-noticias"],"jetpack_featured_media_url":"","_links":{"self":[{"href":"https:\/\/wp.ufpel.edu.br\/prae\/wp-json\/wp\/v2\/posts\/7481","targetHints":{"allow":["GET"]}}],"collection":[{"href":"https:\/\/wp.ufpel.edu.br\/prae\/wp-json\/wp\/v2\/posts"}],"about":[{"href":"https:\/\/wp.ufpel.edu.br\/prae\/wp-json\/wp\/v2\/types\/post"}],"author":[{"embeddable":true,"href":"https:\/\/wp.ufpel.edu.br\/prae\/wp-json\/wp\/v2\/users\/229"}],"replies":[{"embeddable":true,"href":"https:\/\/wp.ufpel.edu.br\/prae\/wp-json\/wp\/v2\/comments?post=7481"}],"version-history":[{"count":1,"href":"https:\/\/wp.ufpel.edu.br\/prae\/wp-json\/wp\/v2\/posts\/7481\/revisions"}],"predecessor-version":[{"id":7484,"href":"https:\/\/wp.ufpel.edu.br\/prae\/wp-json\/wp\/v2\/posts\/7481\/revisions\/7484"}],"wp:attachment":[{"href":"https:\/\/wp.ufpel.edu.br\/prae\/wp-json\/wp\/v2\/media?parent=7481"}],"wp:term":[{"taxonomy":"category","embeddable":true,"href":"https:\/\/wp.ufpel.edu.br\/prae\/wp-json\/wp\/v2\/categories?post=7481"},{"taxonomy":"post_tag","embeddable":true,"href":"https:\/\/wp.ufpel.edu.br\/prae\/wp-json\/wp\/v2\/tags?post=7481"}],"curies":[{"name":"wp","href":"https:\/\/api.w.org\/{rel}","templated":true}]}}