{"id":7477,"date":"2018-12-17T10:00:26","date_gmt":"2018-12-17T12:00:26","guid":{"rendered":"https:\/\/wp.ufpel.edu.br\/prae\/?p=7477"},"modified":"2018-12-17T10:00:26","modified_gmt":"2018-12-17T12:00:26","slug":"auxilio-transporte-nas-ferias","status":"publish","type":"post","link":"https:\/\/wp.ufpel.edu.br\/prae\/2018\/12\/17\/auxilio-transporte-nas-ferias\/","title":{"rendered":"AUX\u00cdLIO TRANSPORTE NAS F\u00c9RIAS"},"content":{"rendered":"<p style=\"text-align: justify\">A PRAE informa que os alunos que solicitaram o Aux\u00edlio-Transporte para o per\u00edodo de f\u00e9rias tiveram o pedido de cr\u00e9ditos liberado na \u00faltima sexta-feira (14). O valor creditado contempla a segunda quinzena de <strong>Dezembro<\/strong> e o m\u00eas de <strong>Janeiro<\/strong>.<\/p>\n","protected":false},"excerpt":{"rendered":"<p>A PRAE informa que os alunos que solicitaram o Aux\u00edlio-Transporte para o per\u00edodo de f\u00e9rias tiveram o pedido de cr\u00e9ditos liberado na \u00faltima sexta-feira (14). O valor creditado contempla a segunda quinzena de Dezembro e o m\u00eas de Janeiro.<\/p>\n","protected":false},"author":229,"featured_media":0,"comment_status":"closed","ping_status":"closed","sticky":false,"template":"","format":"standard","meta":{"footnotes":""},"categories":[1],"tags":[],"class_list":["post-7477","post","type-post","status-publish","format-standard","hentry","category-noticias"],"jetpack_featured_media_url":"","_links":{"self":[{"href":"https:\/\/wp.ufpel.edu.br\/prae\/wp-json\/wp\/v2\/posts\/7477","targetHints":{"allow":["GET"]}}],"collection":[{"href":"https:\/\/wp.ufpel.edu.br\/prae\/wp-json\/wp\/v2\/posts"}],"about":[{"href":"https:\/\/wp.ufpel.edu.br\/prae\/wp-json\/wp\/v2\/types\/post"}],"author":[{"embeddable":true,"href":"https:\/\/wp.ufpel.edu.br\/prae\/wp-json\/wp\/v2\/users\/229"}],"replies":[{"embeddable":true,"href":"https:\/\/wp.ufpel.edu.br\/prae\/wp-json\/wp\/v2\/comments?post=7477"}],"version-history":[{"count":1,"href":"https:\/\/wp.ufpel.edu.br\/prae\/wp-json\/wp\/v2\/posts\/7477\/revisions"}],"predecessor-version":[{"id":7479,"href":"https:\/\/wp.ufpel.edu.br\/prae\/wp-json\/wp\/v2\/posts\/7477\/revisions\/7479"}],"wp:attachment":[{"href":"https:\/\/wp.ufpel.edu.br\/prae\/wp-json\/wp\/v2\/media?parent=7477"}],"wp:term":[{"taxonomy":"category","embeddable":true,"href":"https:\/\/wp.ufpel.edu.br\/prae\/wp-json\/wp\/v2\/categories?post=7477"},{"taxonomy":"post_tag","embeddable":true,"href":"https:\/\/wp.ufpel.edu.br\/prae\/wp-json\/wp\/v2\/tags?post=7477"}],"curies":[{"name":"wp","href":"https:\/\/api.w.org\/{rel}","templated":true}]}}